{"id":3898,"date":"2024-11-18T10:08:59","date_gmt":"2024-11-18T09:08:59","guid":{"rendered":"https:\/\/www.fsvpfordt.de\/?p=3898"},"modified":"2024-11-18T10:22:04","modified_gmt":"2024-11-18T09:22:04","slug":"fsv-erste-sg-maberz-glaeserz-51-20","status":"publish","type":"post","link":"https:\/\/www.fsvpfordt.de\/?p=3898","title":{"rendered":"FSV Erste &#8211; SG Maberz.\/Gl\u00e4serz. 5:1 (2:0)"},"content":{"rendered":"\n<p>&nbsp;Im letzten Heimspiel im Jahr 2024 spielte der FSV Pfordt zu Hause gegen die SG Maberzell\/Gl\u00e4serzell. Der FSV Pfordt war in Halbzeit eins die Mannschaft mit mehr Ballbesitz und den besseren Chancen.&nbsp;<\/p>\n\n\n\n<p>Der FSV war geduldig und versuchte immer wieder \u00fcber die Fl\u00fcgel vor das gegnerische Tor zu kommen. Die Defensive des FSV lie\u00df keine nennenswerte Chance f\u00fcr die SG Maberzell\/ Gl\u00e4serzell zu und die Offensive arbeitete an der F\u00fchrung. In der 45. Spielminute f\u00fchrt Peikert einen Eckball aus und Tom Schmidt k\u00f6pft den Ball zum 1:0 ins Tor. <\/p>\n\n\n\n<p>Direkt nach dem Ansto\u00df macht der FSV weiter Druck und erobert den Ball. Tom Schmidt passt den Ball zu Tobias R\u00f6der der schnell den Abschluss sucht und den Treffer zum 2:0 erzielt. Eine verdiente F\u00fchrung zur Halbzeit f\u00fcr den FSV. <\/p>\n\n\n\n<p>Zu Beginn der zweiten Halbzeit passiert erstmal nicht viel. Pfordt verwaltet die F\u00fchrung und die G\u00e4ste der SG Maberzell\/ Gl\u00e4serzell werden nicht sonderlich gef\u00e4hrlich. In der 70. Spielminute setzt sich Tom Schmidt \u00fcber den Fl\u00fcgel durch, passt in den R\u00fcckraum und Simon Schlosser erzielt mit einem satten Schuss aus kurzer Distanz den Treffer zum 3:0. <\/p>\n\n\n\n<p>Die G\u00e4ste erzielen in der 75. Spielminute den Anschlusstreffer zum 3:1. Nach einem weiten Einwurf setzt sich der G\u00e4stest\u00fcrmer gegen den letzten Pfordter Verteidiger durch und steht somit frei vor Florian Hofmann (im Tor des FSV) und schiebt den Ball ins Tor. <\/p>\n\n\n\n<p>Von dem Gegentreffer erholten sich Spieler des FSV schnell und Simon Schlosser sorgte nach Vorarbeit von Tobias R\u00f6der mit seinem zweiten Treffer in der Partie f\u00fcr den n\u00e4chsten Treffer in der Partie (81. Spielminute). <\/p>\n\n\n\n<p>Das 5:1 erzielte Connor Schmidt in der 85. Spielminute nach Vorlage von Simon Schlosser.&nbsp;<\/p>\n\n\n\n<p>Der FSV zeigte wieder eine geschlossene und starke Mannschaftsleistung und verabschiedet sich mit einem weiteren Sieg in die Winterpause.&nbsp;<\/p>\n\n\n\n<p>F\u00fcr den FSV Pfordt spielten:&nbsp;Florian Hofmann, Luca Feick, Christian Schmier, Max Trabes, Timo Peikert, Leonard Schlosser, Pascal Eurich, Simon Schlosser, Tom Schmidt, Tobias R\u00f6der, Justus Flach,&nbsp;Conner Schmidt (65.), Christopher Dvorak (75.) und Peter Blank<\/p>\n\n\n\n<p><a href=\"https:\/\/next.fussball.de\/spiel\/-\/02Q2PPEAE0000000VS5489B3VVLDQQH4\" target=\"_blank\" rel=\"noreferrer noopener\">Alle Details zum Spiel<\/a><\/p>\n\n\n\n<figure class=\"wp-block-gallery has-nested-images columns-default is-cropped wp-block-gallery-1 is-layout-flex wp-block-gallery-is-layout-flex\">\n<figure class=\"wp-block-image size-large\"><img loading=\"lazy\" decoding=\"async\" width=\"1024\" height=\"813\" data-id=\"3897\" src=\"https:\/\/www.fsvpfordt.de\/wp-content\/uploads\/Saison_2024_25\/2024_11_10_Erste-Maberzell\/2024_11_10_0018-1024x813.jpg\" alt=\"\" class=\"wp-image-3897\" srcset=\"https:\/\/www.fsvpfordt.de\/wp-content\/uploads\/Saison_2024_25\/2024_11_10_Erste-Maberzell\/2024_11_10_0018-1024x813.jpg 1024w, https:\/\/www.fsvpfordt.de\/wp-content\/uploads\/Saison_2024_25\/2024_11_10_Erste-Maberzell\/2024_11_10_0018-300x238.jpg 300w, https:\/\/www.fsvpfordt.de\/wp-content\/uploads\/Saison_2024_25\/2024_11_10_Erste-Maberzell\/2024_11_10_0018-768x610.jpg 768w, https:\/\/www.fsvpfordt.de\/wp-content\/uploads\/Saison_2024_25\/2024_11_10_Erste-Maberzell\/2024_11_10_0018.jpg 1031w\" sizes=\"auto, (max-width: 1024px) 100vw, 1024px\" \/><\/figure>\n\n\n\n<figure class=\"wp-block-image size-large\"><img loading=\"lazy\" decoding=\"async\" width=\"1005\" height=\"819\" data-id=\"3886\" src=\"https:\/\/www.fsvpfordt.de\/wp-content\/uploads\/Saison_2024_25\/2024_11_10_Erste-Maberzell\/2024_11_10_0013.jpg\" alt=\"\" class=\"wp-image-3886\" srcset=\"https:\/\/www.fsvpfordt.de\/wp-content\/uploads\/Saison_2024_25\/2024_11_10_Erste-Maberzell\/2024_11_10_0013.jpg 1005w, https:\/\/www.fsvpfordt.de\/wp-content\/uploads\/Saison_2024_25\/2024_11_10_Erste-Maberzell\/2024_11_10_0013-300x244.jpg 300w, https:\/\/www.fsvpfordt.de\/wp-content\/uploads\/Saison_2024_25\/2024_11_10_Erste-Maberzell\/2024_11_10_0013-768x626.jpg 768w\" sizes=\"auto, (max-width: 1005px) 100vw, 1005px\" \/><\/figure>\n\n\n\n<figure class=\"wp-block-image size-large\"><img loading=\"lazy\" decoding=\"async\" width=\"1024\" height=\"760\" data-id=\"3896\" src=\"https:\/\/www.fsvpfordt.de\/wp-content\/uploads\/Saison_2024_25\/2024_11_10_Erste-Maberzell\/2024_11_10_0014-1024x760.jpg\" alt=\"\" class=\"wp-image-3896\" srcset=\"https:\/\/www.fsvpfordt.de\/wp-content\/uploads\/Saison_2024_25\/2024_11_10_Erste-Maberzell\/2024_11_10_0014-1024x760.jpg 1024w, https:\/\/www.fsvpfordt.de\/wp-content\/uploads\/Saison_2024_25\/2024_11_10_Erste-Maberzell\/2024_11_10_0014-300x223.jpg 300w, https:\/\/www.fsvpfordt.de\/wp-content\/uploads\/Saison_2024_25\/2024_11_10_Erste-Maberzell\/2024_11_10_0014-768x570.jpg 768w, https:\/\/www.fsvpfordt.de\/wp-content\/uploads\/Saison_2024_25\/2024_11_10_Erste-Maberzell\/2024_11_10_0014-100x75.jpg 100w, https:\/\/www.fsvpfordt.de\/wp-content\/uploads\/Saison_2024_25\/2024_11_10_Erste-Maberzell\/2024_11_10_0014.jpg 1103w\" sizes=\"auto, (max-width: 1024px) 100vw, 1024px\" \/><\/figure>\n\n\n\n<figure class=\"wp-block-image size-large\"><img loading=\"lazy\" decoding=\"async\" width=\"996\" height=\"819\" data-id=\"3884\" src=\"https:\/\/www.fsvpfordt.de\/wp-content\/uploads\/Saison_2024_25\/2024_11_10_Erste-Maberzell\/2024_11_10_0009.jpg\" alt=\"\" class=\"wp-image-3884\" srcset=\"https:\/\/www.fsvpfordt.de\/wp-content\/uploads\/Saison_2024_25\/2024_11_10_Erste-Maberzell\/2024_11_10_0009.jpg 996w, https:\/\/www.fsvpfordt.de\/wp-content\/uploads\/Saison_2024_25\/2024_11_10_Erste-Maberzell\/2024_11_10_0009-300x247.jpg 300w, https:\/\/www.fsvpfordt.de\/wp-content\/uploads\/Saison_2024_25\/2024_11_10_Erste-Maberzell\/2024_11_10_0009-768x632.jpg 768w\" sizes=\"auto, (max-width: 996px) 100vw, 996px\" \/><\/figure>\n\n\n\n<figure class=\"wp-block-image size-large\"><img loading=\"lazy\" decoding=\"async\" width=\"1024\" height=\"803\" data-id=\"3895\" src=\"https:\/\/www.fsvpfordt.de\/wp-content\/uploads\/Saison_2024_25\/2024_11_10_Erste-Maberzell\/2024_11_10_0010-1024x803.jpg\" alt=\"\" class=\"wp-image-3895\" srcset=\"https:\/\/www.fsvpfordt.de\/wp-content\/uploads\/Saison_2024_25\/2024_11_10_Erste-Maberzell\/2024_11_10_0010-1024x803.jpg 1024w, https:\/\/www.fsvpfordt.de\/wp-content\/uploads\/Saison_2024_25\/2024_11_10_Erste-Maberzell\/2024_11_10_0010-300x235.jpg 300w, https:\/\/www.fsvpfordt.de\/wp-content\/uploads\/Saison_2024_25\/2024_11_10_Erste-Maberzell\/2024_11_10_0010-768x602.jpg 768w, https:\/\/www.fsvpfordt.de\/wp-content\/uploads\/Saison_2024_25\/2024_11_10_Erste-Maberzell\/2024_11_10_0010.jpg 1045w\" sizes=\"auto, (max-width: 1024px) 100vw, 1024px\" \/><\/figure>\n\n\n\n<figure class=\"wp-block-image size-large\"><img loading=\"lazy\" decoding=\"async\" width=\"980\" height=\"819\" data-id=\"3885\" src=\"https:\/\/www.fsvpfordt.de\/wp-content\/uploads\/Saison_2024_25\/2024_11_10_Erste-Maberzell\/2024_11_10_0005.jpg\" alt=\"\" class=\"wp-image-3885\" srcset=\"https:\/\/www.fsvpfordt.de\/wp-content\/uploads\/Saison_2024_25\/2024_11_10_Erste-Maberzell\/2024_11_10_0005.jpg 980w, https:\/\/www.fsvpfordt.de\/wp-content\/uploads\/Saison_2024_25\/2024_11_10_Erste-Maberzell\/2024_11_10_0005-300x251.jpg 300w, https:\/\/www.fsvpfordt.de\/wp-content\/uploads\/Saison_2024_25\/2024_11_10_Erste-Maberzell\/2024_11_10_0005-768x642.jpg 768w\" sizes=\"auto, (max-width: 980px) 100vw, 980px\" \/><\/figure>\n\n\n\n<figure class=\"wp-block-image size-large\"><img loading=\"lazy\" decoding=\"async\" width=\"1024\" height=\"675\" data-id=\"3892\" src=\"https:\/\/www.fsvpfordt.de\/wp-content\/uploads\/Saison_2024_25\/2024_11_10_Erste-Maberzell\/2024_11_10_0011-1024x675.jpg\" alt=\"\" class=\"wp-image-3892\" srcset=\"https:\/\/www.fsvpfordt.de\/wp-content\/uploads\/Saison_2024_25\/2024_11_10_Erste-Maberzell\/2024_11_10_0011-1024x675.jpg 1024w, https:\/\/www.fsvpfordt.de\/wp-content\/uploads\/Saison_2024_25\/2024_11_10_Erste-Maberzell\/2024_11_10_0011-300x198.jpg 300w, https:\/\/www.fsvpfordt.de\/wp-content\/uploads\/Saison_2024_25\/2024_11_10_Erste-Maberzell\/2024_11_10_0011-768x506.jpg 768w, https:\/\/www.fsvpfordt.de\/wp-content\/uploads\/Saison_2024_25\/2024_11_10_Erste-Maberzell\/2024_11_10_0011.jpg 1242w\" sizes=\"auto, (max-width: 1024px) 100vw, 1024px\" \/><\/figure>\n\n\n\n<figure class=\"wp-block-image size-large\"><img loading=\"lazy\" decoding=\"async\" width=\"1024\" height=\"772\" data-id=\"3883\" src=\"https:\/\/www.fsvpfordt.de\/wp-content\/uploads\/Saison_2024_25\/2024_11_10_Erste-Maberzell\/2024_11_10_0004-1024x772.jpg\" alt=\"\" class=\"wp-image-3883\" srcset=\"https:\/\/www.fsvpfordt.de\/wp-content\/uploads\/Saison_2024_25\/2024_11_10_Erste-Maberzell\/2024_11_10_0004-1024x772.jpg 1024w, https:\/\/www.fsvpfordt.de\/wp-content\/uploads\/Saison_2024_25\/2024_11_10_Erste-Maberzell\/2024_11_10_0004-300x226.jpg 300w, https:\/\/www.fsvpfordt.de\/wp-content\/uploads\/Saison_2024_25\/2024_11_10_Erste-Maberzell\/2024_11_10_0004-768x579.jpg 768w, https:\/\/www.fsvpfordt.de\/wp-content\/uploads\/Saison_2024_25\/2024_11_10_Erste-Maberzell\/2024_11_10_0004-360x270.jpg 360w, https:\/\/www.fsvpfordt.de\/wp-content\/uploads\/Saison_2024_25\/2024_11_10_Erste-Maberzell\/2024_11_10_0004-100x75.jpg 100w, https:\/\/www.fsvpfordt.de\/wp-content\/uploads\/Saison_2024_25\/2024_11_10_Erste-Maberzell\/2024_11_10_0004.jpg 1087w\" sizes=\"auto, (max-width: 1024px) 100vw, 1024px\" \/><\/figure>\n\n\n\n<figure class=\"wp-block-image size-large\"><img loading=\"lazy\" decoding=\"async\" width=\"1024\" height=\"754\" data-id=\"3894\" src=\"https:\/\/www.fsvpfordt.de\/wp-content\/uploads\/Saison_2024_25\/2024_11_10_Erste-Maberzell\/2024_11_10_0015-1024x754.jpg\" alt=\"\" class=\"wp-image-3894\" srcset=\"https:\/\/www.fsvpfordt.de\/wp-content\/uploads\/Saison_2024_25\/2024_11_10_Erste-Maberzell\/2024_11_10_0015-1024x754.jpg 1024w, https:\/\/www.fsvpfordt.de\/wp-content\/uploads\/Saison_2024_25\/2024_11_10_Erste-Maberzell\/2024_11_10_0015-300x221.jpg 300w, https:\/\/www.fsvpfordt.de\/wp-content\/uploads\/Saison_2024_25\/2024_11_10_Erste-Maberzell\/2024_11_10_0015-768x566.jpg 768w, https:\/\/www.fsvpfordt.de\/wp-content\/uploads\/Saison_2024_25\/2024_11_10_Erste-Maberzell\/2024_11_10_0015-100x75.jpg 100w, https:\/\/www.fsvpfordt.de\/wp-content\/uploads\/Saison_2024_25\/2024_11_10_Erste-Maberzell\/2024_11_10_0015.jpg 1112w\" sizes=\"auto, (max-width: 1024px) 100vw, 1024px\" \/><\/figure>\n\n\n\n<figure class=\"wp-block-image size-large\"><img loading=\"lazy\" decoding=\"async\" width=\"998\" height=\"819\" data-id=\"3882\" src=\"https:\/\/www.fsvpfordt.de\/wp-content\/uploads\/Saison_2024_25\/2024_11_10_Erste-Maberzell\/2024_11_10_0001.jpg\" alt=\"\" class=\"wp-image-3882\" srcset=\"https:\/\/www.fsvpfordt.de\/wp-content\/uploads\/Saison_2024_25\/2024_11_10_Erste-Maberzell\/2024_11_10_0001.jpg 998w, https:\/\/www.fsvpfordt.de\/wp-content\/uploads\/Saison_2024_25\/2024_11_10_Erste-Maberzell\/2024_11_10_0001-300x246.jpg 300w, https:\/\/www.fsvpfordt.de\/wp-content\/uploads\/Saison_2024_25\/2024_11_10_Erste-Maberzell\/2024_11_10_0001-768x630.jpg 768w\" sizes=\"auto, (max-width: 998px) 100vw, 998px\" \/><\/figure>\n\n\n\n<figure class=\"wp-block-image size-large\"><img loading=\"lazy\" decoding=\"async\" width=\"1020\" height=\"819\" data-id=\"3893\" src=\"https:\/\/www.fsvpfordt.de\/wp-content\/uploads\/Saison_2024_25\/2024_11_10_Erste-Maberzell\/2024_11_10_0017.jpg\" alt=\"\" class=\"wp-image-3893\" srcset=\"https:\/\/www.fsvpfordt.de\/wp-content\/uploads\/Saison_2024_25\/2024_11_10_Erste-Maberzell\/2024_11_10_0017.jpg 1020w, https:\/\/www.fsvpfordt.de\/wp-content\/uploads\/Saison_2024_25\/2024_11_10_Erste-Maberzell\/2024_11_10_0017-300x241.jpg 300w, https:\/\/www.fsvpfordt.de\/wp-content\/uploads\/Saison_2024_25\/2024_11_10_Erste-Maberzell\/2024_11_10_0017-768x617.jpg 768w\" sizes=\"auto, (max-width: 1020px) 100vw, 1020px\" \/><\/figure>\n\n\n\n<figure class=\"wp-block-image size-large\"><img loading=\"lazy\" decoding=\"async\" width=\"1024\" height=\"759\" data-id=\"3879\" src=\"https:\/\/www.fsvpfordt.de\/wp-content\/uploads\/Saison_2024_25\/2024_11_10_Erste-Maberzell\/2024_11_10_0006-1024x759.jpg\" alt=\"\" class=\"wp-image-3879\" srcset=\"https:\/\/www.fsvpfordt.de\/wp-content\/uploads\/Saison_2024_25\/2024_11_10_Erste-Maberzell\/2024_11_10_0006-1024x759.jpg 1024w, https:\/\/www.fsvpfordt.de\/wp-content\/uploads\/Saison_2024_25\/2024_11_10_Erste-Maberzell\/2024_11_10_0006-300x222.jpg 300w, https:\/\/www.fsvpfordt.de\/wp-content\/uploads\/Saison_2024_25\/2024_11_10_Erste-Maberzell\/2024_11_10_0006-768x569.jpg 768w, https:\/\/www.fsvpfordt.de\/wp-content\/uploads\/Saison_2024_25\/2024_11_10_Erste-Maberzell\/2024_11_10_0006-100x75.jpg 100w, https:\/\/www.fsvpfordt.de\/wp-content\/uploads\/Saison_2024_25\/2024_11_10_Erste-Maberzell\/2024_11_10_0006.jpg 1105w\" sizes=\"auto, (max-width: 1024px) 100vw, 1024px\" \/><\/figure>\n\n\n\n<figure class=\"wp-block-image size-large\"><img loading=\"lazy\" decoding=\"async\" width=\"1018\" height=\"819\" data-id=\"3891\" src=\"https:\/\/www.fsvpfordt.de\/wp-content\/uploads\/Saison_2024_25\/2024_11_10_Erste-Maberzell\/2024_11_10_0019.jpg\" alt=\"\" class=\"wp-image-3891\" srcset=\"https:\/\/www.fsvpfordt.de\/wp-content\/uploads\/Saison_2024_25\/2024_11_10_Erste-Maberzell\/2024_11_10_0019.jpg 1018w, https:\/\/www.fsvpfordt.de\/wp-content\/uploads\/Saison_2024_25\/2024_11_10_Erste-Maberzell\/2024_11_10_0019-300x241.jpg 300w, https:\/\/www.fsvpfordt.de\/wp-content\/uploads\/Saison_2024_25\/2024_11_10_Erste-Maberzell\/2024_11_10_0019-768x618.jpg 768w\" sizes=\"auto, (max-width: 1018px) 100vw, 1018px\" \/><\/figure>\n\n\n\n<figure class=\"wp-block-image size-large\"><img loading=\"lazy\" decoding=\"async\" width=\"1024\" height=\"785\" data-id=\"3890\" src=\"https:\/\/www.fsvpfordt.de\/wp-content\/uploads\/Saison_2024_25\/2024_11_10_Erste-Maberzell\/2024_11_10_0007-1024x785.jpg\" alt=\"\" class=\"wp-image-3890\" srcset=\"https:\/\/www.fsvpfordt.de\/wp-content\/uploads\/Saison_2024_25\/2024_11_10_Erste-Maberzell\/2024_11_10_0007-1024x785.jpg 1024w, https:\/\/www.fsvpfordt.de\/wp-content\/uploads\/Saison_2024_25\/2024_11_10_Erste-Maberzell\/2024_11_10_0007-300x230.jpg 300w, https:\/\/www.fsvpfordt.de\/wp-content\/uploads\/Saison_2024_25\/2024_11_10_Erste-Maberzell\/2024_11_10_0007-768x589.jpg 768w, https:\/\/www.fsvpfordt.de\/wp-content\/uploads\/Saison_2024_25\/2024_11_10_Erste-Maberzell\/2024_11_10_0007.jpg 1068w\" sizes=\"auto, (max-width: 1024px) 100vw, 1024px\" \/><\/figure>\n\n\n\n<figure class=\"wp-block-image size-large\"><img loading=\"lazy\" decoding=\"async\" width=\"1024\" height=\"754\" data-id=\"3881\" src=\"https:\/\/www.fsvpfordt.de\/wp-content\/uploads\/Saison_2024_25\/2024_11_10_Erste-Maberzell\/2024_11_10_0003-1024x754.jpg\" alt=\"\" class=\"wp-image-3881\" srcset=\"https:\/\/www.fsvpfordt.de\/wp-content\/uploads\/Saison_2024_25\/2024_11_10_Erste-Maberzell\/2024_11_10_0003-1024x754.jpg 1024w, https:\/\/www.fsvpfordt.de\/wp-content\/uploads\/Saison_2024_25\/2024_11_10_Erste-Maberzell\/2024_11_10_0003-300x221.jpg 300w, https:\/\/www.fsvpfordt.de\/wp-content\/uploads\/Saison_2024_25\/2024_11_10_Erste-Maberzell\/2024_11_10_0003-768x565.jpg 768w, https:\/\/www.fsvpfordt.de\/wp-content\/uploads\/Saison_2024_25\/2024_11_10_Erste-Maberzell\/2024_11_10_0003-100x75.jpg 100w, https:\/\/www.fsvpfordt.de\/wp-content\/uploads\/Saison_2024_25\/2024_11_10_Erste-Maberzell\/2024_11_10_0003.jpg 1113w\" sizes=\"auto, (max-width: 1024px) 100vw, 1024px\" \/><\/figure>\n\n\n\n<figure class=\"wp-block-image size-large\"><img loading=\"lazy\" decoding=\"async\" width=\"1024\" height=\"787\" data-id=\"3889\" src=\"https:\/\/www.fsvpfordt.de\/wp-content\/uploads\/Saison_2024_25\/2024_11_10_Erste-Maberzell\/2024_11_10_0016-1024x787.jpg\" alt=\"\" class=\"wp-image-3889\" srcset=\"https:\/\/www.fsvpfordt.de\/wp-content\/uploads\/Saison_2024_25\/2024_11_10_Erste-Maberzell\/2024_11_10_0016-1024x787.jpg 1024w, https:\/\/www.fsvpfordt.de\/wp-content\/uploads\/Saison_2024_25\/2024_11_10_Erste-Maberzell\/2024_11_10_0016-300x231.jpg 300w, https:\/\/www.fsvpfordt.de\/wp-content\/uploads\/Saison_2024_25\/2024_11_10_Erste-Maberzell\/2024_11_10_0016-768x591.jpg 768w, https:\/\/www.fsvpfordt.de\/wp-content\/uploads\/Saison_2024_25\/2024_11_10_Erste-Maberzell\/2024_11_10_0016.jpg 1065w\" sizes=\"auto, (max-width: 1024px) 100vw, 1024px\" \/><\/figure>\n\n\n\n<figure class=\"wp-block-image size-large\"><img loading=\"lazy\" decoding=\"async\" width=\"961\" height=\"819\" data-id=\"3887\" src=\"https:\/\/www.fsvpfordt.de\/wp-content\/uploads\/Saison_2024_25\/2024_11_10_Erste-Maberzell\/2024_11_10_0012.jpg\" alt=\"\" class=\"wp-image-3887\" srcset=\"https:\/\/www.fsvpfordt.de\/wp-content\/uploads\/Saison_2024_25\/2024_11_10_Erste-Maberzell\/2024_11_10_0012.jpg 961w, https:\/\/www.fsvpfordt.de\/wp-content\/uploads\/Saison_2024_25\/2024_11_10_Erste-Maberzell\/2024_11_10_0012-300x256.jpg 300w, https:\/\/www.fsvpfordt.de\/wp-content\/uploads\/Saison_2024_25\/2024_11_10_Erste-Maberzell\/2024_11_10_0012-768x655.jpg 768w\" sizes=\"auto, (max-width: 961px) 100vw, 961px\" \/><\/figure>\n\n\n\n<figure class=\"wp-block-image size-large\"><img loading=\"lazy\" decoding=\"async\" width=\"1024\" height=\"699\" data-id=\"3888\" src=\"https:\/\/www.fsvpfordt.de\/wp-content\/uploads\/Saison_2024_25\/2024_11_10_Erste-Maberzell\/2024_11_10_0008-1024x699.jpg\" alt=\"\" class=\"wp-image-3888\" srcset=\"https:\/\/www.fsvpfordt.de\/wp-content\/uploads\/Saison_2024_25\/2024_11_10_Erste-Maberzell\/2024_11_10_0008-1024x699.jpg 1024w, https:\/\/www.fsvpfordt.de\/wp-content\/uploads\/Saison_2024_25\/2024_11_10_Erste-Maberzell\/2024_11_10_0008-300x205.jpg 300w, https:\/\/www.fsvpfordt.de\/wp-content\/uploads\/Saison_2024_25\/2024_11_10_Erste-Maberzell\/2024_11_10_0008-768x524.jpg 768w, https:\/\/www.fsvpfordt.de\/wp-content\/uploads\/Saison_2024_25\/2024_11_10_Erste-Maberzell\/2024_11_10_0008.jpg 1200w\" sizes=\"auto, (max-width: 1024px) 100vw, 1024px\" \/><\/figure>\n<\/figure>\n","protected":false},"excerpt":{"rendered":"<div class=\"mh-excerpt\"><p>&nbsp;Im letzten Heimspiel im Jahr 2024 spielte der FSV Pfordt zu Hause gegen die SG Maberzell\/Gl\u00e4serzell. Der FSV Pfordt war in Halbzeit eins die Mannschaft <a class=\"mh-excerpt-more\" href=\"https:\/\/www.fsvpfordt.de\/?p=3898\" title=\"FSV Erste &#8211; SG Maberz.\/Gl\u00e4serz. 5:1 (2:0)\"><span>Weiterlesen<\/span><\/a><\/p>\n<\/div>","protected":false},"author":6,"featured_media":3887,"comment_status":"open","ping_status":"open","sticky":false,"template":"","format":"standard","meta":{"jetpack_post_was_ever_published":false,"_jetpack_newsletter_access":"","_jetpack_dont_email_post_to_subs":false,"_jetpack_newsletter_tier_id":0,"_jetpack_memberships_contains_paywalled_content":false,"_jetpack_memberships_contains_paid_content":false,"footnotes":""},"categories":[21,20],"tags":[],"class_list":["post-3898","post","type-post","status-publish","format-standard","has-post-thumbnail","hentry","category-1-mannschaft","category-fussball"],"yoast_head":"<!-- This site is optimized with the Yoast SEO plugin v27.5 - https:\/\/yoast.com\/product\/yoast-seo-wordpress\/ -->\n<title>FSV Erste - SG Maberz.\/Gl\u00e4serz. 5:1 (2:0) - FSV Pfordt 1971.e .V.<\/title>\n<meta name=\"description\" content=\"Einen souver\u00e4nen 5:1 Sieg fuhr die Erste Mannschaft des FSV im letzten Spiel vor der Winterpause gegen die SG Gl\u00e4serzell\/Maberzell ein.\" \/>\n<meta name=\"robots\" content=\"index, follow, max-snippet:-1, max-image-preview:large, max-video-preview:-1\" \/>\n<link rel=\"canonical\" href=\"https:\/\/www.fsvpfordt.de\/?p=3898\" \/>\n<meta property=\"og:locale\" content=\"de_DE\" \/>\n<meta property=\"og:type\" content=\"article\" \/>\n<meta property=\"og:title\" content=\"FSV Erste - SG Maberz.\/Gl\u00e4serz. 5:1 (2:0) - FSV Pfordt 1971.e .V.\" \/>\n<meta property=\"og:description\" content=\"Einen souver\u00e4nen 5:1 Sieg fuhr die Erste Mannschaft des FSV im letzten Spiel vor der Winterpause gegen die SG Gl\u00e4serzell\/Maberzell ein.\" \/>\n<meta property=\"og:url\" content=\"https:\/\/www.fsvpfordt.de\/?p=3898\" \/>\n<meta property=\"og:site_name\" content=\"FSV Pfordt 1971.e .V.\" \/>\n<meta property=\"article:publisher\" content=\"https:\/\/www.facebook.com\/fsvpfordt\/\" \/>\n<meta property=\"article:published_time\" content=\"2024-11-18T09:08:59+00:00\" \/>\n<meta property=\"article:modified_time\" content=\"2024-11-18T09:22:04+00:00\" \/>\n<meta property=\"og:image\" content=\"https:\/\/www.fsvpfordt.de\/wp-content\/uploads\/Saison_2024_25\/2024_11_10_Erste-Maberzell\/2024_11_10_0012.jpg\" \/>\n\t<meta property=\"og:image:width\" content=\"961\" \/>\n\t<meta property=\"og:image:height\" content=\"819\" \/>\n\t<meta property=\"og:image:type\" content=\"image\/jpeg\" \/>\n<meta name=\"author\" content=\"Christian Horn\" \/>\n<meta name=\"twitter:card\" content=\"summary_large_image\" \/>\n<meta name=\"twitter:label1\" content=\"Verfasst von\" \/>\n\t<meta name=\"twitter:data1\" content=\"Christian Horn\" \/>\n\t<meta name=\"twitter:label2\" content=\"Gesch\u00e4tzte Lesezeit\" \/>\n\t<meta name=\"twitter:data2\" content=\"6\u00a0Minuten\" \/>\n<script type=\"application\/ld+json\" class=\"yoast-schema-graph\">{\"@context\":\"https:\\\/\\\/schema.org\",\"@graph\":[{\"@type\":\"Article\",\"@id\":\"https:\\\/\\\/www.fsvpfordt.de\\\/?p=3898#article\",\"isPartOf\":{\"@id\":\"https:\\\/\\\/www.fsvpfordt.de\\\/?p=3898\"},\"author\":{\"name\":\"Christian Horn\",\"@id\":\"https:\\\/\\\/www.fsvpfordt.de\\\/#\\\/schema\\\/person\\\/7562e3ad0dd81d10004720c627ad3ba3\"},\"headline\":\"FSV Erste &#8211; SG Maberz.\\\/Gl\u00e4serz. 5:1 (2:0)\",\"datePublished\":\"2024-11-18T09:08:59+00:00\",\"dateModified\":\"2024-11-18T09:22:04+00:00\",\"mainEntityOfPage\":{\"@id\":\"https:\\\/\\\/www.fsvpfordt.de\\\/?p=3898\"},\"wordCount\":358,\"commentCount\":0,\"publisher\":{\"@id\":\"https:\\\/\\\/www.fsvpfordt.de\\\/#organization\"},\"image\":{\"@id\":\"https:\\\/\\\/www.fsvpfordt.de\\\/?p=3898#primaryimage\"},\"thumbnailUrl\":\"https:\\\/\\\/www.fsvpfordt.de\\\/wp-content\\\/uploads\\\/Saison_2024_25\\\/2024_11_10_Erste-Maberzell\\\/2024_11_10_0012.jpg\",\"articleSection\":[\"1. Mannschaft\",\"Fu\u00dfball\"],\"inLanguage\":\"de\",\"potentialAction\":[{\"@type\":\"CommentAction\",\"name\":\"Comment\",\"target\":[\"https:\\\/\\\/www.fsvpfordt.de\\\/?p=3898#respond\"]}]},{\"@type\":\"WebPage\",\"@id\":\"https:\\\/\\\/www.fsvpfordt.de\\\/?p=3898\",\"url\":\"https:\\\/\\\/www.fsvpfordt.de\\\/?p=3898\",\"name\":\"FSV Erste - SG Maberz.\\\/Gl\u00e4serz. 5:1 (2:0) - FSV Pfordt 1971.e .V.\",\"isPartOf\":{\"@id\":\"https:\\\/\\\/www.fsvpfordt.de\\\/#website\"},\"primaryImageOfPage\":{\"@id\":\"https:\\\/\\\/www.fsvpfordt.de\\\/?p=3898#primaryimage\"},\"image\":{\"@id\":\"https:\\\/\\\/www.fsvpfordt.de\\\/?p=3898#primaryimage\"},\"thumbnailUrl\":\"https:\\\/\\\/www.fsvpfordt.de\\\/wp-content\\\/uploads\\\/Saison_2024_25\\\/2024_11_10_Erste-Maberzell\\\/2024_11_10_0012.jpg\",\"datePublished\":\"2024-11-18T09:08:59+00:00\",\"dateModified\":\"2024-11-18T09:22:04+00:00\",\"description\":\"Einen souver\u00e4nen 5:1 Sieg fuhr die Erste Mannschaft des FSV im letzten Spiel vor der Winterpause gegen die SG Gl\u00e4serzell\\\/Maberzell ein.\",\"breadcrumb\":{\"@id\":\"https:\\\/\\\/www.fsvpfordt.de\\\/?p=3898#breadcrumb\"},\"inLanguage\":\"de\",\"potentialAction\":[{\"@type\":\"ReadAction\",\"target\":[\"https:\\\/\\\/www.fsvpfordt.de\\\/?p=3898\"]}]},{\"@type\":\"ImageObject\",\"inLanguage\":\"de\",\"@id\":\"https:\\\/\\\/www.fsvpfordt.de\\\/?p=3898#primaryimage\",\"url\":\"https:\\\/\\\/www.fsvpfordt.de\\\/wp-content\\\/uploads\\\/Saison_2024_25\\\/2024_11_10_Erste-Maberzell\\\/2024_11_10_0012.jpg\",\"contentUrl\":\"https:\\\/\\\/www.fsvpfordt.de\\\/wp-content\\\/uploads\\\/Saison_2024_25\\\/2024_11_10_Erste-Maberzell\\\/2024_11_10_0012.jpg\",\"width\":961,\"height\":819},{\"@type\":\"BreadcrumbList\",\"@id\":\"https:\\\/\\\/www.fsvpfordt.de\\\/?p=3898#breadcrumb\",\"itemListElement\":[{\"@type\":\"ListItem\",\"position\":1,\"name\":\"Startseite\",\"item\":\"https:\\\/\\\/www.fsvpfordt.de\\\/\"},{\"@type\":\"ListItem\",\"position\":2,\"name\":\"FSV Erste &#8211; SG Maberz.\\\/Gl\u00e4serz. 5:1 (2:0)\"}]},{\"@type\":\"WebSite\",\"@id\":\"https:\\\/\\\/www.fsvpfordt.de\\\/#website\",\"url\":\"https:\\\/\\\/www.fsvpfordt.de\\\/\",\"name\":\"FSV Pfordt 1971.e .V.\",\"description\":\"Fu\u00dfball und mehr im Schlitzerland\",\"publisher\":{\"@id\":\"https:\\\/\\\/www.fsvpfordt.de\\\/#organization\"},\"potentialAction\":[{\"@type\":\"SearchAction\",\"target\":{\"@type\":\"EntryPoint\",\"urlTemplate\":\"https:\\\/\\\/www.fsvpfordt.de\\\/?s={search_term_string}\"},\"query-input\":{\"@type\":\"PropertyValueSpecification\",\"valueRequired\":true,\"valueName\":\"search_term_string\"}}],\"inLanguage\":\"de\"},{\"@type\":\"Organization\",\"@id\":\"https:\\\/\\\/www.fsvpfordt.de\\\/#organization\",\"name\":\"FSV Pfordt 1971 e.V.\",\"url\":\"https:\\\/\\\/www.fsvpfordt.de\\\/\",\"logo\":{\"@type\":\"ImageObject\",\"inLanguage\":\"de\",\"@id\":\"https:\\\/\\\/www.fsvpfordt.de\\\/#\\\/schema\\\/logo\\\/image\\\/\",\"url\":\"https:\\\/\\\/www.fsvpfordt.de\\\/wp-content\\\/uploads\\\/2020\\\/06\\\/logo_512.jpg\",\"contentUrl\":\"https:\\\/\\\/www.fsvpfordt.de\\\/wp-content\\\/uploads\\\/2020\\\/06\\\/logo_512.jpg\",\"width\":512,\"height\":512,\"caption\":\"FSV Pfordt 1971 e.V.\"},\"image\":{\"@id\":\"https:\\\/\\\/www.fsvpfordt.de\\\/#\\\/schema\\\/logo\\\/image\\\/\"},\"sameAs\":[\"https:\\\/\\\/www.facebook.com\\\/fsvpfordt\\\/\",\"https:\\\/\\\/www.instagram.com\\\/fsvpfordt\\\/\"]},{\"@type\":\"Person\",\"@id\":\"https:\\\/\\\/www.fsvpfordt.de\\\/#\\\/schema\\\/person\\\/7562e3ad0dd81d10004720c627ad3ba3\",\"name\":\"Christian Horn\",\"image\":{\"@type\":\"ImageObject\",\"inLanguage\":\"de\",\"@id\":\"https:\\\/\\\/secure.gravatar.com\\\/avatar\\\/8aba543da8e2451a0f7c04ee69f41ca366d0c156c47cd200fd7a0cb5e987af6b?s=96&d=mm&r=g\",\"url\":\"https:\\\/\\\/secure.gravatar.com\\\/avatar\\\/8aba543da8e2451a0f7c04ee69f41ca366d0c156c47cd200fd7a0cb5e987af6b?s=96&d=mm&r=g\",\"contentUrl\":\"https:\\\/\\\/secure.gravatar.com\\\/avatar\\\/8aba543da8e2451a0f7c04ee69f41ca366d0c156c47cd200fd7a0cb5e987af6b?s=96&d=mm&r=g\",\"caption\":\"Christian Horn\"},\"url\":\"https:\\\/\\\/www.fsvpfordt.de\\\/?author=6\"}]}<\/script>\n<!-- \/ Yoast SEO plugin. -->","yoast_head_json":{"title":"FSV Erste - SG Maberz.\/Gl\u00e4serz. 5:1 (2:0) - FSV Pfordt 1971.e .V.","description":"Einen souver\u00e4nen 5:1 Sieg fuhr die Erste Mannschaft des FSV im letzten Spiel vor der Winterpause gegen die SG Gl\u00e4serzell\/Maberzell ein.","robots":{"index":"index","follow":"follow","max-snippet":"max-snippet:-1","max-image-preview":"max-image-preview:large","max-video-preview":"max-video-preview:-1"},"canonical":"https:\/\/www.fsvpfordt.de\/?p=3898","og_locale":"de_DE","og_type":"article","og_title":"FSV Erste - SG Maberz.\/Gl\u00e4serz. 5:1 (2:0) - FSV Pfordt 1971.e .V.","og_description":"Einen souver\u00e4nen 5:1 Sieg fuhr die Erste Mannschaft des FSV im letzten Spiel vor der Winterpause gegen die SG Gl\u00e4serzell\/Maberzell ein.","og_url":"https:\/\/www.fsvpfordt.de\/?p=3898","og_site_name":"FSV Pfordt 1971.e .V.","article_publisher":"https:\/\/www.facebook.com\/fsvpfordt\/","article_published_time":"2024-11-18T09:08:59+00:00","article_modified_time":"2024-11-18T09:22:04+00:00","og_image":[{"width":961,"height":819,"url":"https:\/\/www.fsvpfordt.de\/wp-content\/uploads\/Saison_2024_25\/2024_11_10_Erste-Maberzell\/2024_11_10_0012.jpg","type":"image\/jpeg"}],"author":"Christian Horn","twitter_card":"summary_large_image","twitter_misc":{"Verfasst von":"Christian Horn","Gesch\u00e4tzte Lesezeit":"6\u00a0Minuten"},"schema":{"@context":"https:\/\/schema.org","@graph":[{"@type":"Article","@id":"https:\/\/www.fsvpfordt.de\/?p=3898#article","isPartOf":{"@id":"https:\/\/www.fsvpfordt.de\/?p=3898"},"author":{"name":"Christian Horn","@id":"https:\/\/www.fsvpfordt.de\/#\/schema\/person\/7562e3ad0dd81d10004720c627ad3ba3"},"headline":"FSV Erste &#8211; SG Maberz.\/Gl\u00e4serz. 5:1 (2:0)","datePublished":"2024-11-18T09:08:59+00:00","dateModified":"2024-11-18T09:22:04+00:00","mainEntityOfPage":{"@id":"https:\/\/www.fsvpfordt.de\/?p=3898"},"wordCount":358,"commentCount":0,"publisher":{"@id":"https:\/\/www.fsvpfordt.de\/#organization"},"image":{"@id":"https:\/\/www.fsvpfordt.de\/?p=3898#primaryimage"},"thumbnailUrl":"https:\/\/www.fsvpfordt.de\/wp-content\/uploads\/Saison_2024_25\/2024_11_10_Erste-Maberzell\/2024_11_10_0012.jpg","articleSection":["1. Mannschaft","Fu\u00dfball"],"inLanguage":"de","potentialAction":[{"@type":"CommentAction","name":"Comment","target":["https:\/\/www.fsvpfordt.de\/?p=3898#respond"]}]},{"@type":"WebPage","@id":"https:\/\/www.fsvpfordt.de\/?p=3898","url":"https:\/\/www.fsvpfordt.de\/?p=3898","name":"FSV Erste - SG Maberz.\/Gl\u00e4serz. 5:1 (2:0) - FSV Pfordt 1971.e .V.","isPartOf":{"@id":"https:\/\/www.fsvpfordt.de\/#website"},"primaryImageOfPage":{"@id":"https:\/\/www.fsvpfordt.de\/?p=3898#primaryimage"},"image":{"@id":"https:\/\/www.fsvpfordt.de\/?p=3898#primaryimage"},"thumbnailUrl":"https:\/\/www.fsvpfordt.de\/wp-content\/uploads\/Saison_2024_25\/2024_11_10_Erste-Maberzell\/2024_11_10_0012.jpg","datePublished":"2024-11-18T09:08:59+00:00","dateModified":"2024-11-18T09:22:04+00:00","description":"Einen souver\u00e4nen 5:1 Sieg fuhr die Erste Mannschaft des FSV im letzten Spiel vor der Winterpause gegen die SG Gl\u00e4serzell\/Maberzell ein.","breadcrumb":{"@id":"https:\/\/www.fsvpfordt.de\/?p=3898#breadcrumb"},"inLanguage":"de","potentialAction":[{"@type":"ReadAction","target":["https:\/\/www.fsvpfordt.de\/?p=3898"]}]},{"@type":"ImageObject","inLanguage":"de","@id":"https:\/\/www.fsvpfordt.de\/?p=3898#primaryimage","url":"https:\/\/www.fsvpfordt.de\/wp-content\/uploads\/Saison_2024_25\/2024_11_10_Erste-Maberzell\/2024_11_10_0012.jpg","contentUrl":"https:\/\/www.fsvpfordt.de\/wp-content\/uploads\/Saison_2024_25\/2024_11_10_Erste-Maberzell\/2024_11_10_0012.jpg","width":961,"height":819},{"@type":"BreadcrumbList","@id":"https:\/\/www.fsvpfordt.de\/?p=3898#breadcrumb","itemListElement":[{"@type":"ListItem","position":1,"name":"Startseite","item":"https:\/\/www.fsvpfordt.de\/"},{"@type":"ListItem","position":2,"name":"FSV Erste &#8211; SG Maberz.\/Gl\u00e4serz. 5:1 (2:0)"}]},{"@type":"WebSite","@id":"https:\/\/www.fsvpfordt.de\/#website","url":"https:\/\/www.fsvpfordt.de\/","name":"FSV Pfordt 1971.e .V.","description":"Fu\u00dfball und mehr im Schlitzerland","publisher":{"@id":"https:\/\/www.fsvpfordt.de\/#organization"},"potentialAction":[{"@type":"SearchAction","target":{"@type":"EntryPoint","urlTemplate":"https:\/\/www.fsvpfordt.de\/?s={search_term_string}"},"query-input":{"@type":"PropertyValueSpecification","valueRequired":true,"valueName":"search_term_string"}}],"inLanguage":"de"},{"@type":"Organization","@id":"https:\/\/www.fsvpfordt.de\/#organization","name":"FSV Pfordt 1971 e.V.","url":"https:\/\/www.fsvpfordt.de\/","logo":{"@type":"ImageObject","inLanguage":"de","@id":"https:\/\/www.fsvpfordt.de\/#\/schema\/logo\/image\/","url":"https:\/\/www.fsvpfordt.de\/wp-content\/uploads\/2020\/06\/logo_512.jpg","contentUrl":"https:\/\/www.fsvpfordt.de\/wp-content\/uploads\/2020\/06\/logo_512.jpg","width":512,"height":512,"caption":"FSV Pfordt 1971 e.V."},"image":{"@id":"https:\/\/www.fsvpfordt.de\/#\/schema\/logo\/image\/"},"sameAs":["https:\/\/www.facebook.com\/fsvpfordt\/","https:\/\/www.instagram.com\/fsvpfordt\/"]},{"@type":"Person","@id":"https:\/\/www.fsvpfordt.de\/#\/schema\/person\/7562e3ad0dd81d10004720c627ad3ba3","name":"Christian Horn","image":{"@type":"ImageObject","inLanguage":"de","@id":"https:\/\/secure.gravatar.com\/avatar\/8aba543da8e2451a0f7c04ee69f41ca366d0c156c47cd200fd7a0cb5e987af6b?s=96&d=mm&r=g","url":"https:\/\/secure.gravatar.com\/avatar\/8aba543da8e2451a0f7c04ee69f41ca366d0c156c47cd200fd7a0cb5e987af6b?s=96&d=mm&r=g","contentUrl":"https:\/\/secure.gravatar.com\/avatar\/8aba543da8e2451a0f7c04ee69f41ca366d0c156c47cd200fd7a0cb5e987af6b?s=96&d=mm&r=g","caption":"Christian Horn"},"url":"https:\/\/www.fsvpfordt.de\/?author=6"}]}},"jetpack_featured_media_url":"https:\/\/www.fsvpfordt.de\/wp-content\/uploads\/Saison_2024_25\/2024_11_10_Erste-Maberzell\/2024_11_10_0012.jpg","jetpack-related-posts":[],"jetpack_sharing_enabled":true,"_links":{"self":[{"href":"https:\/\/www.fsvpfordt.de\/index.php?rest_route=\/wp\/v2\/posts\/3898","targetHints":{"allow":["GET"]}}],"collection":[{"href":"https:\/\/www.fsvpfordt.de\/index.php?rest_route=\/wp\/v2\/posts"}],"about":[{"href":"https:\/\/www.fsvpfordt.de\/index.php?rest_route=\/wp\/v2\/types\/post"}],"author":[{"embeddable":true,"href":"https:\/\/www.fsvpfordt.de\/index.php?rest_route=\/wp\/v2\/users\/6"}],"replies":[{"embeddable":true,"href":"https:\/\/www.fsvpfordt.de\/index.php?rest_route=%2Fwp%2Fv2%2Fcomments&post=3898"}],"version-history":[{"count":3,"href":"https:\/\/www.fsvpfordt.de\/index.php?rest_route=\/wp\/v2\/posts\/3898\/revisions"}],"predecessor-version":[{"id":3901,"href":"https:\/\/www.fsvpfordt.de\/index.php?rest_route=\/wp\/v2\/posts\/3898\/revisions\/3901"}],"wp:featuredmedia":[{"embeddable":true,"href":"https:\/\/www.fsvpfordt.de\/index.php?rest_route=\/wp\/v2\/media\/3887"}],"wp:attachment":[{"href":"https:\/\/www.fsvpfordt.de\/index.php?rest_route=%2Fwp%2Fv2%2Fmedia&parent=3898"}],"wp:term":[{"taxonomy":"category","embeddable":true,"href":"https:\/\/www.fsvpfordt.de\/index.php?rest_route=%2Fwp%2Fv2%2Fcategories&post=3898"},{"taxonomy":"post_tag","embeddable":true,"href":"https:\/\/www.fsvpfordt.de\/index.php?rest_route=%2Fwp%2Fv2%2Ftags&post=3898"}],"curies":[{"name":"wp","href":"https:\/\/api.w.org\/{rel}","templated":true}]}}