{"id":5214,"date":"2026-03-15T10:12:31","date_gmt":"2026-03-15T09:12:31","guid":{"rendered":"https:\/\/www.fsvpfordt.de\/?p=5214"},"modified":"2026-03-15T10:12:33","modified_gmt":"2026-03-15T09:12:33","slug":"fsv-f-neue-trikots","status":"publish","type":"post","link":"https:\/\/www.fsvpfordt.de\/?p=5214","title":{"rendered":"FSV F: Neue Trikots"},"content":{"rendered":"\n<p>Die F-Jugend des FSV Pfordt kann sich \u00fcber neue Trikots freuen. M\u00f6glich gemacht wurde die Anschaffung durch die Unterst\u00fctzung von <a href=\"https:\/\/www.dachdecker-hedrich.de\/\" target=\"_blank\" rel=\"noreferrer noopener\">Sponsor Bj\u00f6rn Hedrich<\/a>, der damit ein wichtiges Zeichen f\u00fcr die F\u00f6rderung des Nachwuchssports im Verein setzt. Das Betreuerteam mit Thomas Kreuzer, Thomas Sippel und Markus M\u00fchling bedankte sich ebenso herzlich f\u00fcr die Unterst\u00fctzung wie der Vorstand des FSV Pfordt. Von Vereinsseite wurde betont, wie wertvoll solches Engagement f\u00fcr die Jugendarbeit ist. Gerade im Nachwuchsbereich sind Vereine immer wieder auf Hilfe und Unterst\u00fctzung angewiesen. Umso gr\u00f6\u00dfer ist die Dankbarkeit beim FSV Pfordt, dass mit Bj\u00f6rn Hedrich ein Sponsor gefunden wurde, der die F-Jugend auf diese Weise unterst\u00fctzt.\u00a0<\/p>\n\n\n\n<figure class=\"wp-block-gallery has-nested-images columns-default is-cropped wp-block-gallery-1 is-layout-flex wp-block-gallery-is-layout-flex\">\n<figure class=\"wp-block-image size-large\"><img loading=\"lazy\" decoding=\"async\" width=\"1024\" height=\"768\" data-id=\"5213\" src=\"https:\/\/www.fsvpfordt.de\/wp-content\/uploads\/Saison_2025_26\/2026_03_08_Trikots_F\/2026_03_08_0001-1024x768.jpeg\" alt=\"\" class=\"wp-image-5213\" srcset=\"https:\/\/www.fsvpfordt.de\/wp-content\/uploads\/Saison_2025_26\/2026_03_08_Trikots_F\/2026_03_08_0001-1024x768.jpeg 1024w, https:\/\/www.fsvpfordt.de\/wp-content\/uploads\/Saison_2025_26\/2026_03_08_Trikots_F\/2026_03_08_0001-300x225.jpeg 300w, https:\/\/www.fsvpfordt.de\/wp-content\/uploads\/Saison_2025_26\/2026_03_08_Trikots_F\/2026_03_08_0001-768x576.jpeg 768w, https:\/\/www.fsvpfordt.de\/wp-content\/uploads\/Saison_2025_26\/2026_03_08_Trikots_F\/2026_03_08_0001-360x270.jpeg 360w, https:\/\/www.fsvpfordt.de\/wp-content\/uploads\/Saison_2025_26\/2026_03_08_Trikots_F\/2026_03_08_0001-100x75.jpeg 100w, https:\/\/www.fsvpfordt.de\/wp-content\/uploads\/Saison_2025_26\/2026_03_08_Trikots_F\/2026_03_08_0001.jpeg 1149w\" sizes=\"auto, (max-width: 1024px) 100vw, 1024px\" \/><\/figure>\n<\/figure>\n","protected":false},"excerpt":{"rendered":"<div class=\"mh-excerpt\"><p>Die F-Jugend des FSV Pfordt kann sich \u00fcber neue Trikots freuen. M\u00f6glich gemacht wurde die Anschaffung durch die Unterst\u00fctzung von Sponsor Bj\u00f6rn Hedrich, der damit <a class=\"mh-excerpt-more\" href=\"https:\/\/www.fsvpfordt.de\/?p=5214\" title=\"FSV F: Neue Trikots\"><span>Weiterlesen<\/span><\/a><\/p>\n<\/div>","protected":false},"author":6,"featured_media":5213,"comment_status":"open","ping_status":"open","sticky":false,"template":"","format":"standard","meta":{"jetpack_post_was_ever_published":false,"_jetpack_newsletter_access":"","_jetpack_dont_email_post_to_subs":false,"_jetpack_newsletter_tier_id":0,"_jetpack_memberships_contains_paywalled_content":false,"_jetpack_memberships_contains_paid_content":false,"footnotes":""},"categories":[26,24],"tags":[],"class_list":["post-5214","post","type-post","status-publish","format-standard","has-post-thumbnail","hentry","category-f-junioren","category-jugendfussball"],"yoast_head":"<!-- This site is optimized with the Yoast SEO plugin v27.5 - https:\/\/yoast.com\/product\/yoast-seo-wordpress\/ -->\n<title>FSV F: Neue Trikots - FSV Pfordt 1971.e .V.<\/title>\n<meta name=\"description\" content=\"Die F-Jugend des FSV Pfordt kann sich \u00fcber neue Trikots freuen. M\u00f6glich gemacht wurde das durch die Unterst\u00fctzung von Sponsor Bj\u00f6rn Hedrich.\" \/>\n<meta name=\"robots\" content=\"index, follow, max-snippet:-1, max-image-preview:large, max-video-preview:-1\" \/>\n<link rel=\"canonical\" href=\"https:\/\/www.fsvpfordt.de\/?p=5214\" \/>\n<meta property=\"og:locale\" content=\"de_DE\" \/>\n<meta property=\"og:type\" content=\"article\" \/>\n<meta property=\"og:title\" content=\"FSV F: Neue Trikots - FSV Pfordt 1971.e .V.\" \/>\n<meta property=\"og:description\" content=\"Die F-Jugend des FSV Pfordt kann sich \u00fcber neue Trikots freuen. M\u00f6glich gemacht wurde das durch die Unterst\u00fctzung von Sponsor Bj\u00f6rn Hedrich.\" \/>\n<meta property=\"og:url\" content=\"https:\/\/www.fsvpfordt.de\/?p=5214\" \/>\n<meta property=\"og:site_name\" content=\"FSV Pfordt 1971.e .V.\" \/>\n<meta property=\"article:publisher\" content=\"https:\/\/www.facebook.com\/fsvpfordt\/\" \/>\n<meta property=\"article:published_time\" content=\"2026-03-15T09:12:31+00:00\" \/>\n<meta property=\"article:modified_time\" content=\"2026-03-15T09:12:33+00:00\" \/>\n<meta property=\"og:image\" content=\"https:\/\/www.fsvpfordt.de\/wp-content\/uploads\/Saison_2025_26\/2026_03_08_Trikots_F\/2026_03_08_0001.jpeg\" \/>\n\t<meta property=\"og:image:width\" content=\"1149\" \/>\n\t<meta property=\"og:image:height\" content=\"862\" \/>\n\t<meta property=\"og:image:type\" content=\"image\/jpeg\" \/>\n<meta name=\"author\" content=\"Christian Horn\" \/>\n<meta name=\"twitter:card\" content=\"summary_large_image\" \/>\n<meta name=\"twitter:label1\" content=\"Verfasst von\" \/>\n\t<meta name=\"twitter:data1\" content=\"Christian Horn\" \/>\n\t<meta name=\"twitter:label2\" content=\"Gesch\u00e4tzte Lesezeit\" \/>\n\t<meta name=\"twitter:data2\" content=\"1\u00a0Minute\" \/>\n<script type=\"application\/ld+json\" class=\"yoast-schema-graph\">{\"@context\":\"https:\\\/\\\/schema.org\",\"@graph\":[{\"@type\":\"Article\",\"@id\":\"https:\\\/\\\/www.fsvpfordt.de\\\/?p=5214#article\",\"isPartOf\":{\"@id\":\"https:\\\/\\\/www.fsvpfordt.de\\\/?p=5214\"},\"author\":{\"name\":\"Christian Horn\",\"@id\":\"https:\\\/\\\/www.fsvpfordt.de\\\/#\\\/schema\\\/person\\\/7562e3ad0dd81d10004720c627ad3ba3\"},\"headline\":\"FSV F: Neue Trikots\",\"datePublished\":\"2026-03-15T09:12:31+00:00\",\"dateModified\":\"2026-03-15T09:12:33+00:00\",\"mainEntityOfPage\":{\"@id\":\"https:\\\/\\\/www.fsvpfordt.de\\\/?p=5214\"},\"wordCount\":123,\"commentCount\":0,\"publisher\":{\"@id\":\"https:\\\/\\\/www.fsvpfordt.de\\\/#organization\"},\"image\":{\"@id\":\"https:\\\/\\\/www.fsvpfordt.de\\\/?p=5214#primaryimage\"},\"thumbnailUrl\":\"https:\\\/\\\/www.fsvpfordt.de\\\/wp-content\\\/uploads\\\/Saison_2025_26\\\/2026_03_08_Trikots_F\\\/2026_03_08_0001.jpeg\",\"articleSection\":[\"F-Junioren\",\"Jugendfu\u00dfball\"],\"inLanguage\":\"de\",\"potentialAction\":[{\"@type\":\"CommentAction\",\"name\":\"Comment\",\"target\":[\"https:\\\/\\\/www.fsvpfordt.de\\\/?p=5214#respond\"]}]},{\"@type\":\"WebPage\",\"@id\":\"https:\\\/\\\/www.fsvpfordt.de\\\/?p=5214\",\"url\":\"https:\\\/\\\/www.fsvpfordt.de\\\/?p=5214\",\"name\":\"FSV F: Neue Trikots - FSV Pfordt 1971.e .V.\",\"isPartOf\":{\"@id\":\"https:\\\/\\\/www.fsvpfordt.de\\\/#website\"},\"primaryImageOfPage\":{\"@id\":\"https:\\\/\\\/www.fsvpfordt.de\\\/?p=5214#primaryimage\"},\"image\":{\"@id\":\"https:\\\/\\\/www.fsvpfordt.de\\\/?p=5214#primaryimage\"},\"thumbnailUrl\":\"https:\\\/\\\/www.fsvpfordt.de\\\/wp-content\\\/uploads\\\/Saison_2025_26\\\/2026_03_08_Trikots_F\\\/2026_03_08_0001.jpeg\",\"datePublished\":\"2026-03-15T09:12:31+00:00\",\"dateModified\":\"2026-03-15T09:12:33+00:00\",\"description\":\"Die F-Jugend des FSV Pfordt kann sich \u00fcber neue Trikots freuen. M\u00f6glich gemacht wurde das durch die Unterst\u00fctzung von Sponsor Bj\u00f6rn Hedrich.\",\"breadcrumb\":{\"@id\":\"https:\\\/\\\/www.fsvpfordt.de\\\/?p=5214#breadcrumb\"},\"inLanguage\":\"de\",\"potentialAction\":[{\"@type\":\"ReadAction\",\"target\":[\"https:\\\/\\\/www.fsvpfordt.de\\\/?p=5214\"]}]},{\"@type\":\"ImageObject\",\"inLanguage\":\"de\",\"@id\":\"https:\\\/\\\/www.fsvpfordt.de\\\/?p=5214#primaryimage\",\"url\":\"https:\\\/\\\/www.fsvpfordt.de\\\/wp-content\\\/uploads\\\/Saison_2025_26\\\/2026_03_08_Trikots_F\\\/2026_03_08_0001.jpeg\",\"contentUrl\":\"https:\\\/\\\/www.fsvpfordt.de\\\/wp-content\\\/uploads\\\/Saison_2025_26\\\/2026_03_08_Trikots_F\\\/2026_03_08_0001.jpeg\",\"width\":1149,\"height\":862},{\"@type\":\"BreadcrumbList\",\"@id\":\"https:\\\/\\\/www.fsvpfordt.de\\\/?p=5214#breadcrumb\",\"itemListElement\":[{\"@type\":\"ListItem\",\"position\":1,\"name\":\"Startseite\",\"item\":\"https:\\\/\\\/www.fsvpfordt.de\\\/\"},{\"@type\":\"ListItem\",\"position\":2,\"name\":\"FSV F: Neue Trikots\"}]},{\"@type\":\"WebSite\",\"@id\":\"https:\\\/\\\/www.fsvpfordt.de\\\/#website\",\"url\":\"https:\\\/\\\/www.fsvpfordt.de\\\/\",\"name\":\"FSV Pfordt 1971.e .V.\",\"description\":\"Fu\u00dfball und mehr im Schlitzerland\",\"publisher\":{\"@id\":\"https:\\\/\\\/www.fsvpfordt.de\\\/#organization\"},\"potentialAction\":[{\"@type\":\"SearchAction\",\"target\":{\"@type\":\"EntryPoint\",\"urlTemplate\":\"https:\\\/\\\/www.fsvpfordt.de\\\/?s={search_term_string}\"},\"query-input\":{\"@type\":\"PropertyValueSpecification\",\"valueRequired\":true,\"valueName\":\"search_term_string\"}}],\"inLanguage\":\"de\"},{\"@type\":\"Organization\",\"@id\":\"https:\\\/\\\/www.fsvpfordt.de\\\/#organization\",\"name\":\"FSV Pfordt 1971 e.V.\",\"url\":\"https:\\\/\\\/www.fsvpfordt.de\\\/\",\"logo\":{\"@type\":\"ImageObject\",\"inLanguage\":\"de\",\"@id\":\"https:\\\/\\\/www.fsvpfordt.de\\\/#\\\/schema\\\/logo\\\/image\\\/\",\"url\":\"https:\\\/\\\/www.fsvpfordt.de\\\/wp-content\\\/uploads\\\/2020\\\/06\\\/logo_512.jpg\",\"contentUrl\":\"https:\\\/\\\/www.fsvpfordt.de\\\/wp-content\\\/uploads\\\/2020\\\/06\\\/logo_512.jpg\",\"width\":512,\"height\":512,\"caption\":\"FSV Pfordt 1971 e.V.\"},\"image\":{\"@id\":\"https:\\\/\\\/www.fsvpfordt.de\\\/#\\\/schema\\\/logo\\\/image\\\/\"},\"sameAs\":[\"https:\\\/\\\/www.facebook.com\\\/fsvpfordt\\\/\",\"https:\\\/\\\/www.instagram.com\\\/fsvpfordt\\\/\"]},{\"@type\":\"Person\",\"@id\":\"https:\\\/\\\/www.fsvpfordt.de\\\/#\\\/schema\\\/person\\\/7562e3ad0dd81d10004720c627ad3ba3\",\"name\":\"Christian Horn\",\"image\":{\"@type\":\"ImageObject\",\"inLanguage\":\"de\",\"@id\":\"https:\\\/\\\/secure.gravatar.com\\\/avatar\\\/8aba543da8e2451a0f7c04ee69f41ca366d0c156c47cd200fd7a0cb5e987af6b?s=96&d=mm&r=g\",\"url\":\"https:\\\/\\\/secure.gravatar.com\\\/avatar\\\/8aba543da8e2451a0f7c04ee69f41ca366d0c156c47cd200fd7a0cb5e987af6b?s=96&d=mm&r=g\",\"contentUrl\":\"https:\\\/\\\/secure.gravatar.com\\\/avatar\\\/8aba543da8e2451a0f7c04ee69f41ca366d0c156c47cd200fd7a0cb5e987af6b?s=96&d=mm&r=g\",\"caption\":\"Christian Horn\"},\"url\":\"https:\\\/\\\/www.fsvpfordt.de\\\/?author=6\"}]}<\/script>\n<!-- \/ Yoast SEO plugin. -->","yoast_head_json":{"title":"FSV F: Neue Trikots - FSV Pfordt 1971.e .V.","description":"Die F-Jugend des FSV Pfordt kann sich \u00fcber neue Trikots freuen. M\u00f6glich gemacht wurde das durch die Unterst\u00fctzung von Sponsor Bj\u00f6rn Hedrich.","robots":{"index":"index","follow":"follow","max-snippet":"max-snippet:-1","max-image-preview":"max-image-preview:large","max-video-preview":"max-video-preview:-1"},"canonical":"https:\/\/www.fsvpfordt.de\/?p=5214","og_locale":"de_DE","og_type":"article","og_title":"FSV F: Neue Trikots - FSV Pfordt 1971.e .V.","og_description":"Die F-Jugend des FSV Pfordt kann sich \u00fcber neue Trikots freuen. M\u00f6glich gemacht wurde das durch die Unterst\u00fctzung von Sponsor Bj\u00f6rn Hedrich.","og_url":"https:\/\/www.fsvpfordt.de\/?p=5214","og_site_name":"FSV Pfordt 1971.e .V.","article_publisher":"https:\/\/www.facebook.com\/fsvpfordt\/","article_published_time":"2026-03-15T09:12:31+00:00","article_modified_time":"2026-03-15T09:12:33+00:00","og_image":[{"width":1149,"height":862,"url":"https:\/\/www.fsvpfordt.de\/wp-content\/uploads\/Saison_2025_26\/2026_03_08_Trikots_F\/2026_03_08_0001.jpeg","type":"image\/jpeg"}],"author":"Christian Horn","twitter_card":"summary_large_image","twitter_misc":{"Verfasst von":"Christian Horn","Gesch\u00e4tzte Lesezeit":"1\u00a0Minute"},"schema":{"@context":"https:\/\/schema.org","@graph":[{"@type":"Article","@id":"https:\/\/www.fsvpfordt.de\/?p=5214#article","isPartOf":{"@id":"https:\/\/www.fsvpfordt.de\/?p=5214"},"author":{"name":"Christian Horn","@id":"https:\/\/www.fsvpfordt.de\/#\/schema\/person\/7562e3ad0dd81d10004720c627ad3ba3"},"headline":"FSV F: Neue Trikots","datePublished":"2026-03-15T09:12:31+00:00","dateModified":"2026-03-15T09:12:33+00:00","mainEntityOfPage":{"@id":"https:\/\/www.fsvpfordt.de\/?p=5214"},"wordCount":123,"commentCount":0,"publisher":{"@id":"https:\/\/www.fsvpfordt.de\/#organization"},"image":{"@id":"https:\/\/www.fsvpfordt.de\/?p=5214#primaryimage"},"thumbnailUrl":"https:\/\/www.fsvpfordt.de\/wp-content\/uploads\/Saison_2025_26\/2026_03_08_Trikots_F\/2026_03_08_0001.jpeg","articleSection":["F-Junioren","Jugendfu\u00dfball"],"inLanguage":"de","potentialAction":[{"@type":"CommentAction","name":"Comment","target":["https:\/\/www.fsvpfordt.de\/?p=5214#respond"]}]},{"@type":"WebPage","@id":"https:\/\/www.fsvpfordt.de\/?p=5214","url":"https:\/\/www.fsvpfordt.de\/?p=5214","name":"FSV F: Neue Trikots - FSV Pfordt 1971.e .V.","isPartOf":{"@id":"https:\/\/www.fsvpfordt.de\/#website"},"primaryImageOfPage":{"@id":"https:\/\/www.fsvpfordt.de\/?p=5214#primaryimage"},"image":{"@id":"https:\/\/www.fsvpfordt.de\/?p=5214#primaryimage"},"thumbnailUrl":"https:\/\/www.fsvpfordt.de\/wp-content\/uploads\/Saison_2025_26\/2026_03_08_Trikots_F\/2026_03_08_0001.jpeg","datePublished":"2026-03-15T09:12:31+00:00","dateModified":"2026-03-15T09:12:33+00:00","description":"Die F-Jugend des FSV Pfordt kann sich \u00fcber neue Trikots freuen. M\u00f6glich gemacht wurde das durch die Unterst\u00fctzung von Sponsor Bj\u00f6rn Hedrich.","breadcrumb":{"@id":"https:\/\/www.fsvpfordt.de\/?p=5214#breadcrumb"},"inLanguage":"de","potentialAction":[{"@type":"ReadAction","target":["https:\/\/www.fsvpfordt.de\/?p=5214"]}]},{"@type":"ImageObject","inLanguage":"de","@id":"https:\/\/www.fsvpfordt.de\/?p=5214#primaryimage","url":"https:\/\/www.fsvpfordt.de\/wp-content\/uploads\/Saison_2025_26\/2026_03_08_Trikots_F\/2026_03_08_0001.jpeg","contentUrl":"https:\/\/www.fsvpfordt.de\/wp-content\/uploads\/Saison_2025_26\/2026_03_08_Trikots_F\/2026_03_08_0001.jpeg","width":1149,"height":862},{"@type":"BreadcrumbList","@id":"https:\/\/www.fsvpfordt.de\/?p=5214#breadcrumb","itemListElement":[{"@type":"ListItem","position":1,"name":"Startseite","item":"https:\/\/www.fsvpfordt.de\/"},{"@type":"ListItem","position":2,"name":"FSV F: Neue Trikots"}]},{"@type":"WebSite","@id":"https:\/\/www.fsvpfordt.de\/#website","url":"https:\/\/www.fsvpfordt.de\/","name":"FSV Pfordt 1971.e .V.","description":"Fu\u00dfball und mehr im Schlitzerland","publisher":{"@id":"https:\/\/www.fsvpfordt.de\/#organization"},"potentialAction":[{"@type":"SearchAction","target":{"@type":"EntryPoint","urlTemplate":"https:\/\/www.fsvpfordt.de\/?s={search_term_string}"},"query-input":{"@type":"PropertyValueSpecification","valueRequired":true,"valueName":"search_term_string"}}],"inLanguage":"de"},{"@type":"Organization","@id":"https:\/\/www.fsvpfordt.de\/#organization","name":"FSV Pfordt 1971 e.V.","url":"https:\/\/www.fsvpfordt.de\/","logo":{"@type":"ImageObject","inLanguage":"de","@id":"https:\/\/www.fsvpfordt.de\/#\/schema\/logo\/image\/","url":"https:\/\/www.fsvpfordt.de\/wp-content\/uploads\/2020\/06\/logo_512.jpg","contentUrl":"https:\/\/www.fsvpfordt.de\/wp-content\/uploads\/2020\/06\/logo_512.jpg","width":512,"height":512,"caption":"FSV Pfordt 1971 e.V."},"image":{"@id":"https:\/\/www.fsvpfordt.de\/#\/schema\/logo\/image\/"},"sameAs":["https:\/\/www.facebook.com\/fsvpfordt\/","https:\/\/www.instagram.com\/fsvpfordt\/"]},{"@type":"Person","@id":"https:\/\/www.fsvpfordt.de\/#\/schema\/person\/7562e3ad0dd81d10004720c627ad3ba3","name":"Christian Horn","image":{"@type":"ImageObject","inLanguage":"de","@id":"https:\/\/secure.gravatar.com\/avatar\/8aba543da8e2451a0f7c04ee69f41ca366d0c156c47cd200fd7a0cb5e987af6b?s=96&d=mm&r=g","url":"https:\/\/secure.gravatar.com\/avatar\/8aba543da8e2451a0f7c04ee69f41ca366d0c156c47cd200fd7a0cb5e987af6b?s=96&d=mm&r=g","contentUrl":"https:\/\/secure.gravatar.com\/avatar\/8aba543da8e2451a0f7c04ee69f41ca366d0c156c47cd200fd7a0cb5e987af6b?s=96&d=mm&r=g","caption":"Christian Horn"},"url":"https:\/\/www.fsvpfordt.de\/?author=6"}]}},"jetpack_featured_media_url":"https:\/\/www.fsvpfordt.de\/wp-content\/uploads\/Saison_2025_26\/2026_03_08_Trikots_F\/2026_03_08_0001.jpeg","jetpack-related-posts":[],"jetpack_sharing_enabled":true,"_links":{"self":[{"href":"https:\/\/www.fsvpfordt.de\/index.php?rest_route=\/wp\/v2\/posts\/5214","targetHints":{"allow":["GET"]}}],"collection":[{"href":"https:\/\/www.fsvpfordt.de\/index.php?rest_route=\/wp\/v2\/posts"}],"about":[{"href":"https:\/\/www.fsvpfordt.de\/index.php?rest_route=\/wp\/v2\/types\/post"}],"author":[{"embeddable":true,"href":"https:\/\/www.fsvpfordt.de\/index.php?rest_route=\/wp\/v2\/users\/6"}],"replies":[{"embeddable":true,"href":"https:\/\/www.fsvpfordt.de\/index.php?rest_route=%2Fwp%2Fv2%2Fcomments&post=5214"}],"version-history":[{"count":1,"href":"https:\/\/www.fsvpfordt.de\/index.php?rest_route=\/wp\/v2\/posts\/5214\/revisions"}],"predecessor-version":[{"id":5215,"href":"https:\/\/www.fsvpfordt.de\/index.php?rest_route=\/wp\/v2\/posts\/5214\/revisions\/5215"}],"wp:featuredmedia":[{"embeddable":true,"href":"https:\/\/www.fsvpfordt.de\/index.php?rest_route=\/wp\/v2\/media\/5213"}],"wp:attachment":[{"href":"https:\/\/www.fsvpfordt.de\/index.php?rest_route=%2Fwp%2Fv2%2Fmedia&parent=5214"}],"wp:term":[{"taxonomy":"category","embeddable":true,"href":"https:\/\/www.fsvpfordt.de\/index.php?rest_route=%2Fwp%2Fv2%2Fcategories&post=5214"},{"taxonomy":"post_tag","embeddable":true,"href":"https:\/\/www.fsvpfordt.de\/index.php?rest_route=%2Fwp%2Fv2%2Ftags&post=5214"}],"curies":[{"name":"wp","href":"https:\/\/api.w.org\/{rel}","templated":true}]}}