{"id":5219,"date":"2026-03-15T10:23:47","date_gmt":"2026-03-15T09:23:47","guid":{"rendered":"https:\/\/www.fsvpfordt.de\/?p=5219"},"modified":"2026-03-15T10:23:50","modified_gmt":"2026-03-15T09:23:50","slug":"fsv-bambini-letzter-spieltag-hkm","status":"publish","type":"post","link":"https:\/\/www.fsvpfordt.de\/?p=5219","title":{"rendered":"FSV Bambini: letzter Spieltag HKM"},"content":{"rendered":"\n<p>Am vergangenen Samstag fand in Eiterfeld der dritte und zugleich letzte Spieltag der Hallenkreismeisterschaft der Bambinis statt. Der FSV Pfordt ging erneut mit zwei Mannschaften an den Start.<\/p>\n\n\n\n<p>Das erste Team hatte sich durch die starken Leistungen an den beiden vorherigen Spieltagen in die zweite Gruppe aller Mannschaften aus dem Kreis Lauterbach-H\u00fcnfeld gespielt. Dort trafen die jungen Kicker auf Gegner aus N\u00fcsttal, Langenschwarz, Steinbach, Burghaun\/Haunetal, H\u00fcnfelder Land und Eitratal. Die Pfordter \u00fcberzeugten erneut mit einer geschlossenen Mannschaftsleistung: In der Defensive wurde nur wenig zugelassen, w\u00e4hrend im Angriff zahlreiche Chancen genutzt wurden. Alle Spiele konnten gewonnen werden, am Ende stand ein Torverh\u00e4ltnis von 21:5 zu Buche. Besonders erfreulich war, dass sich alle Kinder an den Toren beteiligen konnten. Damit sicherte sich das Team erneut den ersten Platz in seiner Gruppe und belegte insgesamt den siebten Rang unter allen teilnehmenden Mannschaften im Kreis.<\/p>\n\n\n\n<p>Auch die zweite Mannschaft zeigte eine starke Leistung. In ihrer Gruppe traf sie ebenfalls auf Teams aus Burghaun\/Haunetal, H\u00fcnfelder Land, Eitratal sowie zus\u00e4tzlich auf Lauter und Hessisches Kegelspiel. Vier Begegnungen konnten gewonnen werden, zwei Spiele gingen verloren. Die Kinder steigerten sich dabei von Spiel zu Spiel und fanden immer besser in das Turnier. Insgesamt trugen sich f\u00fcnf verschiedene Torsch\u00fctzen in die Liste ein, sodass am Ende ein Torverh\u00e4ltnis von 11:9 stand.&nbsp;<\/p>\n\n\n\n<p>Entsprechend zufrieden zeigten sich alle Kinder, Eltern und die Trainerinnen mit den gezeigten Leistungen. Zum Abschluss der Turnierserie freuten sich alle Bambinis \u00fcber ihre Medaillen.<\/p>\n\n\n\n<p>Mit dem Spieltag in Eiterfeld ist die Hallenrunde zun\u00e4chst beendet. Im April startet der FSV-Nachwuchs dann wieder in die Freiluftsaison mit den Spielfesten.<\/p>\n\n\n\n<p>F\u00fcr den FSV Pfordt waren im Einsatz: Morees Clayton, Elian Nuss, Lukas Kreuzer, Junis Koc, Iven Sch\u00e4fer, Henri Allendorf, Ole Krug, Felix Alles, Fritz B\u00e4uml, Matteo Minks, und Thore Schr\u00f6der<\/p>\n\n\n\n<figure class=\"wp-block-gallery has-nested-images columns-default wp-block-gallery-1 is-layout-flex wp-block-gallery-is-layout-flex\">\n<figure class=\"wp-block-image size-large\"><img loading=\"lazy\" decoding=\"async\" width=\"843\" height=\"1024\" data-id=\"5218\" src=\"https:\/\/www.fsvpfordt.de\/wp-content\/uploads\/Saison_2025_26\/2026_03_07_Bambini_HKM\/2026_03_07_0001-843x1024.jpg\" alt=\"\" class=\"wp-image-5218\" srcset=\"https:\/\/www.fsvpfordt.de\/wp-content\/uploads\/Saison_2025_26\/2026_03_07_Bambini_HKM\/2026_03_07_0001-843x1024.jpg 843w, https:\/\/www.fsvpfordt.de\/wp-content\/uploads\/Saison_2025_26\/2026_03_07_Bambini_HKM\/2026_03_07_0001-247x300.jpg 247w, https:\/\/www.fsvpfordt.de\/wp-content\/uploads\/Saison_2025_26\/2026_03_07_Bambini_HKM\/2026_03_07_0001-768x933.jpg 768w, https:\/\/www.fsvpfordt.de\/wp-content\/uploads\/Saison_2025_26\/2026_03_07_Bambini_HKM\/2026_03_07_0001-1264x1536.jpg 1264w, https:\/\/www.fsvpfordt.de\/wp-content\/uploads\/Saison_2025_26\/2026_03_07_Bambini_HKM\/2026_03_07_0001.jpg 1317w\" sizes=\"auto, (max-width: 843px) 100vw, 843px\" \/><\/figure>\n\n\n\n<figure class=\"wp-block-image size-large\"><img loading=\"lazy\" decoding=\"async\" width=\"1024\" height=\"768\" data-id=\"5217\" src=\"https:\/\/www.fsvpfordt.de\/wp-content\/uploads\/Saison_2025_26\/2026_03_07_Bambini_HKM\/2026_03_07_0002-1024x768.jpg\" alt=\"\" class=\"wp-image-5217\" srcset=\"https:\/\/www.fsvpfordt.de\/wp-content\/uploads\/Saison_2025_26\/2026_03_07_Bambini_HKM\/2026_03_07_0002-1024x768.jpg 1024w, https:\/\/www.fsvpfordt.de\/wp-content\/uploads\/Saison_2025_26\/2026_03_07_Bambini_HKM\/2026_03_07_0002-300x225.jpg 300w, https:\/\/www.fsvpfordt.de\/wp-content\/uploads\/Saison_2025_26\/2026_03_07_Bambini_HKM\/2026_03_07_0002-768x576.jpg 768w, https:\/\/www.fsvpfordt.de\/wp-content\/uploads\/Saison_2025_26\/2026_03_07_Bambini_HKM\/2026_03_07_0002-1536x1152.jpg 1536w, https:\/\/www.fsvpfordt.de\/wp-content\/uploads\/Saison_2025_26\/2026_03_07_Bambini_HKM\/2026_03_07_0002-360x270.jpg 360w, https:\/\/www.fsvpfordt.de\/wp-content\/uploads\/Saison_2025_26\/2026_03_07_Bambini_HKM\/2026_03_07_0002-100x75.jpg 100w, https:\/\/www.fsvpfordt.de\/wp-content\/uploads\/Saison_2025_26\/2026_03_07_Bambini_HKM\/2026_03_07_0002.jpg 1600w\" sizes=\"auto, (max-width: 1024px) 100vw, 1024px\" \/><\/figure>\n<\/figure>\n","protected":false},"excerpt":{"rendered":"<div class=\"mh-excerpt\"><p>Am vergangenen Samstag fand in Eiterfeld der dritte und zugleich letzte Spieltag der Hallenkreismeisterschaft der Bambinis statt. Der FSV Pfordt ging erneut mit zwei Mannschaften <a class=\"mh-excerpt-more\" href=\"https:\/\/www.fsvpfordt.de\/?p=5219\" title=\"FSV Bambini: letzter Spieltag HKM\"><span>Weiterlesen<\/span><\/a><\/p>\n<\/div>","protected":false},"author":7,"featured_media":5217,"comment_status":"open","ping_status":"open","sticky":false,"template":"","format":"standard","meta":{"jetpack_post_was_ever_published":false,"_jetpack_newsletter_access":"","_jetpack_dont_email_post_to_subs":false,"_jetpack_newsletter_tier_id":0,"_jetpack_memberships_contains_paywalled_content":false,"_jetpack_memberships_contains_paid_content":false,"footnotes":""},"categories":[31,24],"tags":[],"class_list":["post-5219","post","type-post","status-publish","format-standard","has-post-thumbnail","hentry","category-bambini","category-jugendfussball"],"yoast_head":"<!-- This site is optimized with the Yoast SEO plugin v27.5 - https:\/\/yoast.com\/product\/yoast-seo-wordpress\/ -->\n<title>FSV Bambini: letzter Spieltag HKM - FSV Pfordt 1971.e .V.<\/title>\n<meta name=\"description\" content=\"Mit dem dritten Spieltag der Hallenkreismeisterschaften endete die Hallenrunde f\u00fcr die Bambinis des FSV Pfordt.\" \/>\n<meta name=\"robots\" content=\"index, follow, max-snippet:-1, max-image-preview:large, max-video-preview:-1\" \/>\n<link rel=\"canonical\" href=\"https:\/\/www.fsvpfordt.de\/?p=5219\" \/>\n<meta property=\"og:locale\" content=\"de_DE\" \/>\n<meta property=\"og:type\" content=\"article\" \/>\n<meta property=\"og:title\" content=\"FSV Bambini: letzter Spieltag HKM - FSV Pfordt 1971.e .V.\" \/>\n<meta property=\"og:description\" content=\"Mit dem dritten Spieltag der Hallenkreismeisterschaften endete die Hallenrunde f\u00fcr die Bambinis des FSV Pfordt.\" \/>\n<meta property=\"og:url\" content=\"https:\/\/www.fsvpfordt.de\/?p=5219\" \/>\n<meta property=\"og:site_name\" content=\"FSV Pfordt 1971.e .V.\" \/>\n<meta property=\"article:publisher\" content=\"https:\/\/www.facebook.com\/fsvpfordt\/\" \/>\n<meta property=\"article:published_time\" content=\"2026-03-15T09:23:47+00:00\" \/>\n<meta property=\"article:modified_time\" content=\"2026-03-15T09:23:50+00:00\" \/>\n<meta property=\"og:image\" content=\"https:\/\/www.fsvpfordt.de\/wp-content\/uploads\/Saison_2025_26\/2026_03_07_Bambini_HKM\/2026_03_07_0002.jpg\" \/>\n\t<meta property=\"og:image:width\" content=\"1600\" \/>\n\t<meta property=\"og:image:height\" content=\"1200\" \/>\n\t<meta property=\"og:image:type\" content=\"image\/jpeg\" \/>\n<meta name=\"author\" content=\"Magdalena Suppes\" \/>\n<meta name=\"twitter:card\" content=\"summary_large_image\" \/>\n<meta name=\"twitter:label1\" content=\"Verfasst von\" \/>\n\t<meta name=\"twitter:data1\" content=\"Magdalena Suppes\" \/>\n\t<meta name=\"twitter:label2\" content=\"Gesch\u00e4tzte Lesezeit\" \/>\n\t<meta name=\"twitter:data2\" content=\"3\u00a0Minuten\" \/>\n<script type=\"application\/ld+json\" class=\"yoast-schema-graph\">{\"@context\":\"https:\\\/\\\/schema.org\",\"@graph\":[{\"@type\":\"Article\",\"@id\":\"https:\\\/\\\/www.fsvpfordt.de\\\/?p=5219#article\",\"isPartOf\":{\"@id\":\"https:\\\/\\\/www.fsvpfordt.de\\\/?p=5219\"},\"author\":{\"name\":\"Magdalena Suppes\",\"@id\":\"https:\\\/\\\/www.fsvpfordt.de\\\/#\\\/schema\\\/person\\\/10b9f00e43a6d4e733b3db74fcdb4928\"},\"headline\":\"FSV Bambini: letzter Spieltag HKM\",\"datePublished\":\"2026-03-15T09:23:47+00:00\",\"dateModified\":\"2026-03-15T09:23:50+00:00\",\"mainEntityOfPage\":{\"@id\":\"https:\\\/\\\/www.fsvpfordt.de\\\/?p=5219\"},\"wordCount\":311,\"commentCount\":0,\"publisher\":{\"@id\":\"https:\\\/\\\/www.fsvpfordt.de\\\/#organization\"},\"image\":{\"@id\":\"https:\\\/\\\/www.fsvpfordt.de\\\/?p=5219#primaryimage\"},\"thumbnailUrl\":\"https:\\\/\\\/www.fsvpfordt.de\\\/wp-content\\\/uploads\\\/Saison_2025_26\\\/2026_03_07_Bambini_HKM\\\/2026_03_07_0002.jpg\",\"articleSection\":[\"Bambini\",\"Jugendfu\u00dfball\"],\"inLanguage\":\"de\",\"potentialAction\":[{\"@type\":\"CommentAction\",\"name\":\"Comment\",\"target\":[\"https:\\\/\\\/www.fsvpfordt.de\\\/?p=5219#respond\"]}]},{\"@type\":\"WebPage\",\"@id\":\"https:\\\/\\\/www.fsvpfordt.de\\\/?p=5219\",\"url\":\"https:\\\/\\\/www.fsvpfordt.de\\\/?p=5219\",\"name\":\"FSV Bambini: letzter Spieltag HKM - FSV Pfordt 1971.e .V.\",\"isPartOf\":{\"@id\":\"https:\\\/\\\/www.fsvpfordt.de\\\/#website\"},\"primaryImageOfPage\":{\"@id\":\"https:\\\/\\\/www.fsvpfordt.de\\\/?p=5219#primaryimage\"},\"image\":{\"@id\":\"https:\\\/\\\/www.fsvpfordt.de\\\/?p=5219#primaryimage\"},\"thumbnailUrl\":\"https:\\\/\\\/www.fsvpfordt.de\\\/wp-content\\\/uploads\\\/Saison_2025_26\\\/2026_03_07_Bambini_HKM\\\/2026_03_07_0002.jpg\",\"datePublished\":\"2026-03-15T09:23:47+00:00\",\"dateModified\":\"2026-03-15T09:23:50+00:00\",\"description\":\"Mit dem dritten Spieltag der Hallenkreismeisterschaften endete die Hallenrunde f\u00fcr die Bambinis des FSV Pfordt.\",\"breadcrumb\":{\"@id\":\"https:\\\/\\\/www.fsvpfordt.de\\\/?p=5219#breadcrumb\"},\"inLanguage\":\"de\",\"potentialAction\":[{\"@type\":\"ReadAction\",\"target\":[\"https:\\\/\\\/www.fsvpfordt.de\\\/?p=5219\"]}]},{\"@type\":\"ImageObject\",\"inLanguage\":\"de\",\"@id\":\"https:\\\/\\\/www.fsvpfordt.de\\\/?p=5219#primaryimage\",\"url\":\"https:\\\/\\\/www.fsvpfordt.de\\\/wp-content\\\/uploads\\\/Saison_2025_26\\\/2026_03_07_Bambini_HKM\\\/2026_03_07_0002.jpg\",\"contentUrl\":\"https:\\\/\\\/www.fsvpfordt.de\\\/wp-content\\\/uploads\\\/Saison_2025_26\\\/2026_03_07_Bambini_HKM\\\/2026_03_07_0002.jpg\",\"width\":1600,\"height\":1200},{\"@type\":\"BreadcrumbList\",\"@id\":\"https:\\\/\\\/www.fsvpfordt.de\\\/?p=5219#breadcrumb\",\"itemListElement\":[{\"@type\":\"ListItem\",\"position\":1,\"name\":\"Startseite\",\"item\":\"https:\\\/\\\/www.fsvpfordt.de\\\/\"},{\"@type\":\"ListItem\",\"position\":2,\"name\":\"FSV Bambini: letzter Spieltag HKM\"}]},{\"@type\":\"WebSite\",\"@id\":\"https:\\\/\\\/www.fsvpfordt.de\\\/#website\",\"url\":\"https:\\\/\\\/www.fsvpfordt.de\\\/\",\"name\":\"FSV Pfordt 1971.e .V.\",\"description\":\"Fu\u00dfball und mehr im Schlitzerland\",\"publisher\":{\"@id\":\"https:\\\/\\\/www.fsvpfordt.de\\\/#organization\"},\"potentialAction\":[{\"@type\":\"SearchAction\",\"target\":{\"@type\":\"EntryPoint\",\"urlTemplate\":\"https:\\\/\\\/www.fsvpfordt.de\\\/?s={search_term_string}\"},\"query-input\":{\"@type\":\"PropertyValueSpecification\",\"valueRequired\":true,\"valueName\":\"search_term_string\"}}],\"inLanguage\":\"de\"},{\"@type\":\"Organization\",\"@id\":\"https:\\\/\\\/www.fsvpfordt.de\\\/#organization\",\"name\":\"FSV Pfordt 1971 e.V.\",\"url\":\"https:\\\/\\\/www.fsvpfordt.de\\\/\",\"logo\":{\"@type\":\"ImageObject\",\"inLanguage\":\"de\",\"@id\":\"https:\\\/\\\/www.fsvpfordt.de\\\/#\\\/schema\\\/logo\\\/image\\\/\",\"url\":\"https:\\\/\\\/www.fsvpfordt.de\\\/wp-content\\\/uploads\\\/2020\\\/06\\\/logo_512.jpg\",\"contentUrl\":\"https:\\\/\\\/www.fsvpfordt.de\\\/wp-content\\\/uploads\\\/2020\\\/06\\\/logo_512.jpg\",\"width\":512,\"height\":512,\"caption\":\"FSV Pfordt 1971 e.V.\"},\"image\":{\"@id\":\"https:\\\/\\\/www.fsvpfordt.de\\\/#\\\/schema\\\/logo\\\/image\\\/\"},\"sameAs\":[\"https:\\\/\\\/www.facebook.com\\\/fsvpfordt\\\/\",\"https:\\\/\\\/www.instagram.com\\\/fsvpfordt\\\/\"]},{\"@type\":\"Person\",\"@id\":\"https:\\\/\\\/www.fsvpfordt.de\\\/#\\\/schema\\\/person\\\/10b9f00e43a6d4e733b3db74fcdb4928\",\"name\":\"Magdalena Suppes\",\"image\":{\"@type\":\"ImageObject\",\"inLanguage\":\"de\",\"@id\":\"https:\\\/\\\/secure.gravatar.com\\\/avatar\\\/3a2949be83a7f27a311d631d7bff18bb069f5b8878462da5d06532bc6276404f?s=96&d=mm&r=g\",\"url\":\"https:\\\/\\\/secure.gravatar.com\\\/avatar\\\/3a2949be83a7f27a311d631d7bff18bb069f5b8878462da5d06532bc6276404f?s=96&d=mm&r=g\",\"contentUrl\":\"https:\\\/\\\/secure.gravatar.com\\\/avatar\\\/3a2949be83a7f27a311d631d7bff18bb069f5b8878462da5d06532bc6276404f?s=96&d=mm&r=g\",\"caption\":\"Magdalena Suppes\"},\"url\":\"https:\\\/\\\/www.fsvpfordt.de\\\/?author=7\"}]}<\/script>\n<!-- \/ Yoast SEO plugin. -->","yoast_head_json":{"title":"FSV Bambini: letzter Spieltag HKM - FSV Pfordt 1971.e .V.","description":"Mit dem dritten Spieltag der Hallenkreismeisterschaften endete die Hallenrunde f\u00fcr die Bambinis des FSV Pfordt.","robots":{"index":"index","follow":"follow","max-snippet":"max-snippet:-1","max-image-preview":"max-image-preview:large","max-video-preview":"max-video-preview:-1"},"canonical":"https:\/\/www.fsvpfordt.de\/?p=5219","og_locale":"de_DE","og_type":"article","og_title":"FSV Bambini: letzter Spieltag HKM - FSV Pfordt 1971.e .V.","og_description":"Mit dem dritten Spieltag der Hallenkreismeisterschaften endete die Hallenrunde f\u00fcr die Bambinis des FSV Pfordt.","og_url":"https:\/\/www.fsvpfordt.de\/?p=5219","og_site_name":"FSV Pfordt 1971.e .V.","article_publisher":"https:\/\/www.facebook.com\/fsvpfordt\/","article_published_time":"2026-03-15T09:23:47+00:00","article_modified_time":"2026-03-15T09:23:50+00:00","og_image":[{"width":1600,"height":1200,"url":"https:\/\/www.fsvpfordt.de\/wp-content\/uploads\/Saison_2025_26\/2026_03_07_Bambini_HKM\/2026_03_07_0002.jpg","type":"image\/jpeg"}],"author":"Magdalena Suppes","twitter_card":"summary_large_image","twitter_misc":{"Verfasst von":"Magdalena Suppes","Gesch\u00e4tzte Lesezeit":"3\u00a0Minuten"},"schema":{"@context":"https:\/\/schema.org","@graph":[{"@type":"Article","@id":"https:\/\/www.fsvpfordt.de\/?p=5219#article","isPartOf":{"@id":"https:\/\/www.fsvpfordt.de\/?p=5219"},"author":{"name":"Magdalena Suppes","@id":"https:\/\/www.fsvpfordt.de\/#\/schema\/person\/10b9f00e43a6d4e733b3db74fcdb4928"},"headline":"FSV Bambini: letzter Spieltag HKM","datePublished":"2026-03-15T09:23:47+00:00","dateModified":"2026-03-15T09:23:50+00:00","mainEntityOfPage":{"@id":"https:\/\/www.fsvpfordt.de\/?p=5219"},"wordCount":311,"commentCount":0,"publisher":{"@id":"https:\/\/www.fsvpfordt.de\/#organization"},"image":{"@id":"https:\/\/www.fsvpfordt.de\/?p=5219#primaryimage"},"thumbnailUrl":"https:\/\/www.fsvpfordt.de\/wp-content\/uploads\/Saison_2025_26\/2026_03_07_Bambini_HKM\/2026_03_07_0002.jpg","articleSection":["Bambini","Jugendfu\u00dfball"],"inLanguage":"de","potentialAction":[{"@type":"CommentAction","name":"Comment","target":["https:\/\/www.fsvpfordt.de\/?p=5219#respond"]}]},{"@type":"WebPage","@id":"https:\/\/www.fsvpfordt.de\/?p=5219","url":"https:\/\/www.fsvpfordt.de\/?p=5219","name":"FSV Bambini: letzter Spieltag HKM - FSV Pfordt 1971.e .V.","isPartOf":{"@id":"https:\/\/www.fsvpfordt.de\/#website"},"primaryImageOfPage":{"@id":"https:\/\/www.fsvpfordt.de\/?p=5219#primaryimage"},"image":{"@id":"https:\/\/www.fsvpfordt.de\/?p=5219#primaryimage"},"thumbnailUrl":"https:\/\/www.fsvpfordt.de\/wp-content\/uploads\/Saison_2025_26\/2026_03_07_Bambini_HKM\/2026_03_07_0002.jpg","datePublished":"2026-03-15T09:23:47+00:00","dateModified":"2026-03-15T09:23:50+00:00","description":"Mit dem dritten Spieltag der Hallenkreismeisterschaften endete die Hallenrunde f\u00fcr die Bambinis des FSV Pfordt.","breadcrumb":{"@id":"https:\/\/www.fsvpfordt.de\/?p=5219#breadcrumb"},"inLanguage":"de","potentialAction":[{"@type":"ReadAction","target":["https:\/\/www.fsvpfordt.de\/?p=5219"]}]},{"@type":"ImageObject","inLanguage":"de","@id":"https:\/\/www.fsvpfordt.de\/?p=5219#primaryimage","url":"https:\/\/www.fsvpfordt.de\/wp-content\/uploads\/Saison_2025_26\/2026_03_07_Bambini_HKM\/2026_03_07_0002.jpg","contentUrl":"https:\/\/www.fsvpfordt.de\/wp-content\/uploads\/Saison_2025_26\/2026_03_07_Bambini_HKM\/2026_03_07_0002.jpg","width":1600,"height":1200},{"@type":"BreadcrumbList","@id":"https:\/\/www.fsvpfordt.de\/?p=5219#breadcrumb","itemListElement":[{"@type":"ListItem","position":1,"name":"Startseite","item":"https:\/\/www.fsvpfordt.de\/"},{"@type":"ListItem","position":2,"name":"FSV Bambini: letzter Spieltag HKM"}]},{"@type":"WebSite","@id":"https:\/\/www.fsvpfordt.de\/#website","url":"https:\/\/www.fsvpfordt.de\/","name":"FSV Pfordt 1971.e .V.","description":"Fu\u00dfball und mehr im Schlitzerland","publisher":{"@id":"https:\/\/www.fsvpfordt.de\/#organization"},"potentialAction":[{"@type":"SearchAction","target":{"@type":"EntryPoint","urlTemplate":"https:\/\/www.fsvpfordt.de\/?s={search_term_string}"},"query-input":{"@type":"PropertyValueSpecification","valueRequired":true,"valueName":"search_term_string"}}],"inLanguage":"de"},{"@type":"Organization","@id":"https:\/\/www.fsvpfordt.de\/#organization","name":"FSV Pfordt 1971 e.V.","url":"https:\/\/www.fsvpfordt.de\/","logo":{"@type":"ImageObject","inLanguage":"de","@id":"https:\/\/www.fsvpfordt.de\/#\/schema\/logo\/image\/","url":"https:\/\/www.fsvpfordt.de\/wp-content\/uploads\/2020\/06\/logo_512.jpg","contentUrl":"https:\/\/www.fsvpfordt.de\/wp-content\/uploads\/2020\/06\/logo_512.jpg","width":512,"height":512,"caption":"FSV Pfordt 1971 e.V."},"image":{"@id":"https:\/\/www.fsvpfordt.de\/#\/schema\/logo\/image\/"},"sameAs":["https:\/\/www.facebook.com\/fsvpfordt\/","https:\/\/www.instagram.com\/fsvpfordt\/"]},{"@type":"Person","@id":"https:\/\/www.fsvpfordt.de\/#\/schema\/person\/10b9f00e43a6d4e733b3db74fcdb4928","name":"Magdalena Suppes","image":{"@type":"ImageObject","inLanguage":"de","@id":"https:\/\/secure.gravatar.com\/avatar\/3a2949be83a7f27a311d631d7bff18bb069f5b8878462da5d06532bc6276404f?s=96&d=mm&r=g","url":"https:\/\/secure.gravatar.com\/avatar\/3a2949be83a7f27a311d631d7bff18bb069f5b8878462da5d06532bc6276404f?s=96&d=mm&r=g","contentUrl":"https:\/\/secure.gravatar.com\/avatar\/3a2949be83a7f27a311d631d7bff18bb069f5b8878462da5d06532bc6276404f?s=96&d=mm&r=g","caption":"Magdalena Suppes"},"url":"https:\/\/www.fsvpfordt.de\/?author=7"}]}},"jetpack_featured_media_url":"https:\/\/www.fsvpfordt.de\/wp-content\/uploads\/Saison_2025_26\/2026_03_07_Bambini_HKM\/2026_03_07_0002.jpg","jetpack-related-posts":[],"jetpack_sharing_enabled":true,"_links":{"self":[{"href":"https:\/\/www.fsvpfordt.de\/index.php?rest_route=\/wp\/v2\/posts\/5219","targetHints":{"allow":["GET"]}}],"collection":[{"href":"https:\/\/www.fsvpfordt.de\/index.php?rest_route=\/wp\/v2\/posts"}],"about":[{"href":"https:\/\/www.fsvpfordt.de\/index.php?rest_route=\/wp\/v2\/types\/post"}],"author":[{"embeddable":true,"href":"https:\/\/www.fsvpfordt.de\/index.php?rest_route=\/wp\/v2\/users\/7"}],"replies":[{"embeddable":true,"href":"https:\/\/www.fsvpfordt.de\/index.php?rest_route=%2Fwp%2Fv2%2Fcomments&post=5219"}],"version-history":[{"count":1,"href":"https:\/\/www.fsvpfordt.de\/index.php?rest_route=\/wp\/v2\/posts\/5219\/revisions"}],"predecessor-version":[{"id":5220,"href":"https:\/\/www.fsvpfordt.de\/index.php?rest_route=\/wp\/v2\/posts\/5219\/revisions\/5220"}],"wp:featuredmedia":[{"embeddable":true,"href":"https:\/\/www.fsvpfordt.de\/index.php?rest_route=\/wp\/v2\/media\/5217"}],"wp:attachment":[{"href":"https:\/\/www.fsvpfordt.de\/index.php?rest_route=%2Fwp%2Fv2%2Fmedia&parent=5219"}],"wp:term":[{"taxonomy":"category","embeddable":true,"href":"https:\/\/www.fsvpfordt.de\/index.php?rest_route=%2Fwp%2Fv2%2Fcategories&post=5219"},{"taxonomy":"post_tag","embeddable":true,"href":"https:\/\/www.fsvpfordt.de\/index.php?rest_route=%2Fwp%2Fv2%2Ftags&post=5219"}],"curies":[{"name":"wp","href":"https:\/\/api.w.org\/{rel}","templated":true}]}}