{"id":5229,"date":"2026-03-16T07:45:18","date_gmt":"2026-03-16T06:45:18","guid":{"rendered":"https:\/\/www.fsvpfordt.de\/?p=5229"},"modified":"2026-03-16T07:45:21","modified_gmt":"2026-03-16T06:45:21","slug":"fsv-zweite-tsv-ufhausen-2-33-20","status":"publish","type":"post","link":"https:\/\/www.fsvpfordt.de\/?p=5229","title":{"rendered":"FSV Zweite &#8211; TSV Ufhausen 2 3:3 (2:0)"},"content":{"rendered":"\n<p>\u00a0Lange sah es danach aus, dass die Zweitvertretung des FSV in ihrem Auftaktmatch in diesem Jahr als Sieger vom Platz gehen w\u00fcrde.\u00a0<\/p>\n\n\n\n<p>Marius Rathgeber nach bereits acht Minuten mit einem sch\u00f6nen Distanzschuss sowie Fayaz Ahmadi in der 15. Minute nach einer erfolgreich \u00fcber mehrere Spieler zu Ende gespielten Passfolge sorgten f\u00fcr einen relativ ungef\u00e4hrdeten 2:0 Pausenstand, der auch in der H\u00f6he verdient war.&nbsp;<\/p>\n\n\n\n<p>Dabei h\u00e4tte es in der 1. Halbzeit durchaus Chancen gegeben die F\u00fchrung weiter hochzuschrauben.&nbsp;<\/p>\n\n\n\n<p>Doch bereits eine altbekannte Fu\u00dfballweisheit besagt, wer die Tore vorne nicht macht, wird daf\u00fcr bestraft. So in Form des Anschlusstreffers zum 2:1 zu Beginn der 2. Halbzeit.&nbsp;<\/p>\n\n\n\n<p>Diesen konnte die Mannschaft zwar postwendend durch einen weiteren sehenswerten Distanztreffer &#8211; diesmal durch Tizian Teluk &#8211; kontern und den alten Zwei-Tore Vorsprung zumindest vor\u00fcbergehend wieder herstellen.&nbsp;<\/p>\n\n\n\n<p>Allerdings lie\u00dfen zum Ende des Spiels sowohl Kraft als auch Konzentration etwas nach, so dass Ufhausen noch mit zwei Toren &#8211; wovon der 3:2 Anschlusstreffer per Handelfmeter zumindest diskutabel war &#8211; aufschlie\u00dfen konnte.&nbsp;<\/p>\n\n\n\n<p>In dieser Phase des Spiels konnte sich zumindest FSV-Torwart Silvio Guglielmo mit einigen starken Paraden nochmal auszeichnen, so dass mit dem 3:3 Endstand zumindest ein Punkt auf der Habenseite zu verzeichnen war.&nbsp;<\/p>\n\n\n\n<p><a href=\"https:\/\/next.fussball.de\/spiel\/-\/02TMLA1BLK000000VS5489BUVSSD35NB\" target=\"_blank\" rel=\"noreferrer noopener\">Alle Details zum Spiel<\/a><\/p>\n\n\n\n<figure class=\"wp-block-gallery has-nested-images columns-default wp-block-gallery-1 is-layout-flex wp-block-gallery-is-layout-flex\">\n<figure class=\"wp-block-image size-large\"><img loading=\"lazy\" decoding=\"async\" width=\"1024\" height=\"683\" data-id=\"5227\" src=\"https:\/\/www.fsvpfordt.de\/wp-content\/uploads\/Saison_2025_26\/2026_03_08_Zweite-Ufhausen\/2026_03_08_0003-1024x683.jpeg\" alt=\"\" class=\"wp-image-5227\" srcset=\"https:\/\/www.fsvpfordt.de\/wp-content\/uploads\/Saison_2025_26\/2026_03_08_Zweite-Ufhausen\/2026_03_08_0003-1024x683.jpeg 1024w, https:\/\/www.fsvpfordt.de\/wp-content\/uploads\/Saison_2025_26\/2026_03_08_Zweite-Ufhausen\/2026_03_08_0003-300x200.jpeg 300w, https:\/\/www.fsvpfordt.de\/wp-content\/uploads\/Saison_2025_26\/2026_03_08_Zweite-Ufhausen\/2026_03_08_0003-768x512.jpeg 768w, https:\/\/www.fsvpfordt.de\/wp-content\/uploads\/Saison_2025_26\/2026_03_08_Zweite-Ufhausen\/2026_03_08_0003-1536x1024.jpeg 1536w, https:\/\/www.fsvpfordt.de\/wp-content\/uploads\/Saison_2025_26\/2026_03_08_Zweite-Ufhausen\/2026_03_08_0003-2048x1365.jpeg 2048w\" sizes=\"auto, (max-width: 1024px) 100vw, 1024px\" \/><\/figure>\n\n\n\n<figure class=\"wp-block-image size-large\"><img loading=\"lazy\" decoding=\"async\" width=\"1024\" height=\"683\" data-id=\"5228\" src=\"https:\/\/www.fsvpfordt.de\/wp-content\/uploads\/Saison_2025_26\/2026_03_08_Zweite-Ufhausen\/2026_03_08_0002-1024x683.jpeg\" alt=\"\" class=\"wp-image-5228\" srcset=\"https:\/\/www.fsvpfordt.de\/wp-content\/uploads\/Saison_2025_26\/2026_03_08_Zweite-Ufhausen\/2026_03_08_0002-1024x683.jpeg 1024w, https:\/\/www.fsvpfordt.de\/wp-content\/uploads\/Saison_2025_26\/2026_03_08_Zweite-Ufhausen\/2026_03_08_0002-300x200.jpeg 300w, https:\/\/www.fsvpfordt.de\/wp-content\/uploads\/Saison_2025_26\/2026_03_08_Zweite-Ufhausen\/2026_03_08_0002-768x512.jpeg 768w, https:\/\/www.fsvpfordt.de\/wp-content\/uploads\/Saison_2025_26\/2026_03_08_Zweite-Ufhausen\/2026_03_08_0002-1536x1024.jpeg 1536w, https:\/\/www.fsvpfordt.de\/wp-content\/uploads\/Saison_2025_26\/2026_03_08_Zweite-Ufhausen\/2026_03_08_0002-2048x1365.jpeg 2048w\" sizes=\"auto, (max-width: 1024px) 100vw, 1024px\" \/><\/figure>\n<\/figure>\n","protected":false},"excerpt":{"rendered":"<div class=\"mh-excerpt\"><p>\u00a0Lange sah es danach aus, dass die Zweitvertretung des FSV in ihrem Auftaktmatch in diesem Jahr als Sieger vom Platz gehen w\u00fcrde.\u00a0 Marius Rathgeber nach <a class=\"mh-excerpt-more\" href=\"https:\/\/www.fsvpfordt.de\/?p=5229\" title=\"FSV Zweite &#8211; TSV Ufhausen 2 3:3 (2:0)\"><span>Weiterlesen<\/span><\/a><\/p>\n<\/div>","protected":false},"author":6,"featured_media":5227,"comment_status":"open","ping_status":"open","sticky":false,"template":"","format":"standard","meta":{"jetpack_post_was_ever_published":false,"_jetpack_newsletter_access":"","_jetpack_dont_email_post_to_subs":false,"_jetpack_newsletter_tier_id":0,"_jetpack_memberships_contains_paywalled_content":false,"_jetpack_memberships_contains_paid_content":false,"footnotes":""},"categories":[22,20],"tags":[],"class_list":["post-5229","post","type-post","status-publish","format-standard","has-post-thumbnail","hentry","category-2-mannschaft","category-fussball"],"yoast_head":"<!-- This site is optimized with the Yoast SEO plugin v27.5 - https:\/\/yoast.com\/product\/yoast-seo-wordpress\/ -->\n<title>FSV Zweite - TSV Ufhausen 2 3:3 (2:0) - FSV Pfordt 1971.e .V.<\/title>\n<meta name=\"description\" content=\"Lange Zeit sah es so aus, als w\u00fcrde die Zweite des FSV gegen den TSV Ufhausen 2 als Sieger vom Platz gehen. Am Ende trennte man sich 3:3.\" \/>\n<meta name=\"robots\" content=\"index, follow, max-snippet:-1, max-image-preview:large, max-video-preview:-1\" \/>\n<link rel=\"canonical\" href=\"https:\/\/www.fsvpfordt.de\/?p=5229\" \/>\n<meta property=\"og:locale\" content=\"de_DE\" \/>\n<meta property=\"og:type\" content=\"article\" \/>\n<meta property=\"og:title\" content=\"FSV Zweite - TSV Ufhausen 2 3:3 (2:0) - FSV Pfordt 1971.e .V.\" \/>\n<meta property=\"og:description\" content=\"Lange Zeit sah es so aus, als w\u00fcrde die Zweite des FSV gegen den TSV Ufhausen 2 als Sieger vom Platz gehen. Am Ende trennte man sich 3:3.\" \/>\n<meta property=\"og:url\" content=\"https:\/\/www.fsvpfordt.de\/?p=5229\" \/>\n<meta property=\"og:site_name\" content=\"FSV Pfordt 1971.e .V.\" \/>\n<meta property=\"article:publisher\" content=\"https:\/\/www.facebook.com\/fsvpfordt\/\" \/>\n<meta property=\"article:published_time\" content=\"2026-03-16T06:45:18+00:00\" \/>\n<meta property=\"article:modified_time\" content=\"2026-03-16T06:45:21+00:00\" \/>\n<meta property=\"og:image\" content=\"https:\/\/www.fsvpfordt.de\/wp-content\/uploads\/Saison_2025_26\/2026_03_08_Zweite-Ufhausen\/2026_03_08_0003.jpeg\" \/>\n\t<meta property=\"og:image:width\" content=\"2166\" \/>\n\t<meta property=\"og:image:height\" content=\"1444\" \/>\n\t<meta property=\"og:image:type\" content=\"image\/jpeg\" \/>\n<meta name=\"author\" content=\"Christian Horn\" \/>\n<meta name=\"twitter:card\" content=\"summary_large_image\" \/>\n<meta name=\"twitter:label1\" content=\"Verfasst von\" \/>\n\t<meta name=\"twitter:data1\" content=\"Christian Horn\" \/>\n\t<meta name=\"twitter:label2\" content=\"Gesch\u00e4tzte Lesezeit\" \/>\n\t<meta name=\"twitter:data2\" content=\"2\u00a0Minuten\" \/>\n<script type=\"application\/ld+json\" class=\"yoast-schema-graph\">{\"@context\":\"https:\\\/\\\/schema.org\",\"@graph\":[{\"@type\":\"Article\",\"@id\":\"https:\\\/\\\/www.fsvpfordt.de\\\/?p=5229#article\",\"isPartOf\":{\"@id\":\"https:\\\/\\\/www.fsvpfordt.de\\\/?p=5229\"},\"author\":{\"name\":\"Christian Horn\",\"@id\":\"https:\\\/\\\/www.fsvpfordt.de\\\/#\\\/schema\\\/person\\\/7562e3ad0dd81d10004720c627ad3ba3\"},\"headline\":\"FSV Zweite &#8211; TSV Ufhausen 2 3:3 (2:0)\",\"datePublished\":\"2026-03-16T06:45:18+00:00\",\"dateModified\":\"2026-03-16T06:45:21+00:00\",\"mainEntityOfPage\":{\"@id\":\"https:\\\/\\\/www.fsvpfordt.de\\\/?p=5229\"},\"wordCount\":216,\"commentCount\":0,\"publisher\":{\"@id\":\"https:\\\/\\\/www.fsvpfordt.de\\\/#organization\"},\"image\":{\"@id\":\"https:\\\/\\\/www.fsvpfordt.de\\\/?p=5229#primaryimage\"},\"thumbnailUrl\":\"https:\\\/\\\/www.fsvpfordt.de\\\/wp-content\\\/uploads\\\/Saison_2025_26\\\/2026_03_08_Zweite-Ufhausen\\\/2026_03_08_0003.jpeg\",\"articleSection\":[\"2. Mannschaft\",\"Fu\u00dfball\"],\"inLanguage\":\"de\",\"potentialAction\":[{\"@type\":\"CommentAction\",\"name\":\"Comment\",\"target\":[\"https:\\\/\\\/www.fsvpfordt.de\\\/?p=5229#respond\"]}]},{\"@type\":\"WebPage\",\"@id\":\"https:\\\/\\\/www.fsvpfordt.de\\\/?p=5229\",\"url\":\"https:\\\/\\\/www.fsvpfordt.de\\\/?p=5229\",\"name\":\"FSV Zweite - TSV Ufhausen 2 3:3 (2:0) - FSV Pfordt 1971.e .V.\",\"isPartOf\":{\"@id\":\"https:\\\/\\\/www.fsvpfordt.de\\\/#website\"},\"primaryImageOfPage\":{\"@id\":\"https:\\\/\\\/www.fsvpfordt.de\\\/?p=5229#primaryimage\"},\"image\":{\"@id\":\"https:\\\/\\\/www.fsvpfordt.de\\\/?p=5229#primaryimage\"},\"thumbnailUrl\":\"https:\\\/\\\/www.fsvpfordt.de\\\/wp-content\\\/uploads\\\/Saison_2025_26\\\/2026_03_08_Zweite-Ufhausen\\\/2026_03_08_0003.jpeg\",\"datePublished\":\"2026-03-16T06:45:18+00:00\",\"dateModified\":\"2026-03-16T06:45:21+00:00\",\"description\":\"Lange Zeit sah es so aus, als w\u00fcrde die Zweite des FSV gegen den TSV Ufhausen 2 als Sieger vom Platz gehen. Am Ende trennte man sich 3:3.\",\"breadcrumb\":{\"@id\":\"https:\\\/\\\/www.fsvpfordt.de\\\/?p=5229#breadcrumb\"},\"inLanguage\":\"de\",\"potentialAction\":[{\"@type\":\"ReadAction\",\"target\":[\"https:\\\/\\\/www.fsvpfordt.de\\\/?p=5229\"]}]},{\"@type\":\"ImageObject\",\"inLanguage\":\"de\",\"@id\":\"https:\\\/\\\/www.fsvpfordt.de\\\/?p=5229#primaryimage\",\"url\":\"https:\\\/\\\/www.fsvpfordt.de\\\/wp-content\\\/uploads\\\/Saison_2025_26\\\/2026_03_08_Zweite-Ufhausen\\\/2026_03_08_0003.jpeg\",\"contentUrl\":\"https:\\\/\\\/www.fsvpfordt.de\\\/wp-content\\\/uploads\\\/Saison_2025_26\\\/2026_03_08_Zweite-Ufhausen\\\/2026_03_08_0003.jpeg\",\"width\":2166,\"height\":1444},{\"@type\":\"BreadcrumbList\",\"@id\":\"https:\\\/\\\/www.fsvpfordt.de\\\/?p=5229#breadcrumb\",\"itemListElement\":[{\"@type\":\"ListItem\",\"position\":1,\"name\":\"Startseite\",\"item\":\"https:\\\/\\\/www.fsvpfordt.de\\\/\"},{\"@type\":\"ListItem\",\"position\":2,\"name\":\"FSV Zweite &#8211; TSV Ufhausen 2 3:3 (2:0)\"}]},{\"@type\":\"WebSite\",\"@id\":\"https:\\\/\\\/www.fsvpfordt.de\\\/#website\",\"url\":\"https:\\\/\\\/www.fsvpfordt.de\\\/\",\"name\":\"FSV Pfordt 1971.e .V.\",\"description\":\"Fu\u00dfball und mehr im Schlitzerland\",\"publisher\":{\"@id\":\"https:\\\/\\\/www.fsvpfordt.de\\\/#organization\"},\"potentialAction\":[{\"@type\":\"SearchAction\",\"target\":{\"@type\":\"EntryPoint\",\"urlTemplate\":\"https:\\\/\\\/www.fsvpfordt.de\\\/?s={search_term_string}\"},\"query-input\":{\"@type\":\"PropertyValueSpecification\",\"valueRequired\":true,\"valueName\":\"search_term_string\"}}],\"inLanguage\":\"de\"},{\"@type\":\"Organization\",\"@id\":\"https:\\\/\\\/www.fsvpfordt.de\\\/#organization\",\"name\":\"FSV Pfordt 1971 e.V.\",\"url\":\"https:\\\/\\\/www.fsvpfordt.de\\\/\",\"logo\":{\"@type\":\"ImageObject\",\"inLanguage\":\"de\",\"@id\":\"https:\\\/\\\/www.fsvpfordt.de\\\/#\\\/schema\\\/logo\\\/image\\\/\",\"url\":\"https:\\\/\\\/www.fsvpfordt.de\\\/wp-content\\\/uploads\\\/2020\\\/06\\\/logo_512.jpg\",\"contentUrl\":\"https:\\\/\\\/www.fsvpfordt.de\\\/wp-content\\\/uploads\\\/2020\\\/06\\\/logo_512.jpg\",\"width\":512,\"height\":512,\"caption\":\"FSV Pfordt 1971 e.V.\"},\"image\":{\"@id\":\"https:\\\/\\\/www.fsvpfordt.de\\\/#\\\/schema\\\/logo\\\/image\\\/\"},\"sameAs\":[\"https:\\\/\\\/www.facebook.com\\\/fsvpfordt\\\/\",\"https:\\\/\\\/www.instagram.com\\\/fsvpfordt\\\/\"]},{\"@type\":\"Person\",\"@id\":\"https:\\\/\\\/www.fsvpfordt.de\\\/#\\\/schema\\\/person\\\/7562e3ad0dd81d10004720c627ad3ba3\",\"name\":\"Christian Horn\",\"image\":{\"@type\":\"ImageObject\",\"inLanguage\":\"de\",\"@id\":\"https:\\\/\\\/secure.gravatar.com\\\/avatar\\\/8aba543da8e2451a0f7c04ee69f41ca366d0c156c47cd200fd7a0cb5e987af6b?s=96&d=mm&r=g\",\"url\":\"https:\\\/\\\/secure.gravatar.com\\\/avatar\\\/8aba543da8e2451a0f7c04ee69f41ca366d0c156c47cd200fd7a0cb5e987af6b?s=96&d=mm&r=g\",\"contentUrl\":\"https:\\\/\\\/secure.gravatar.com\\\/avatar\\\/8aba543da8e2451a0f7c04ee69f41ca366d0c156c47cd200fd7a0cb5e987af6b?s=96&d=mm&r=g\",\"caption\":\"Christian Horn\"},\"url\":\"https:\\\/\\\/www.fsvpfordt.de\\\/?author=6\"}]}<\/script>\n<!-- \/ Yoast SEO plugin. -->","yoast_head_json":{"title":"FSV Zweite - TSV Ufhausen 2 3:3 (2:0) - FSV Pfordt 1971.e .V.","description":"Lange Zeit sah es so aus, als w\u00fcrde die Zweite des FSV gegen den TSV Ufhausen 2 als Sieger vom Platz gehen. Am Ende trennte man sich 3:3.","robots":{"index":"index","follow":"follow","max-snippet":"max-snippet:-1","max-image-preview":"max-image-preview:large","max-video-preview":"max-video-preview:-1"},"canonical":"https:\/\/www.fsvpfordt.de\/?p=5229","og_locale":"de_DE","og_type":"article","og_title":"FSV Zweite - TSV Ufhausen 2 3:3 (2:0) - FSV Pfordt 1971.e .V.","og_description":"Lange Zeit sah es so aus, als w\u00fcrde die Zweite des FSV gegen den TSV Ufhausen 2 als Sieger vom Platz gehen. Am Ende trennte man sich 3:3.","og_url":"https:\/\/www.fsvpfordt.de\/?p=5229","og_site_name":"FSV Pfordt 1971.e .V.","article_publisher":"https:\/\/www.facebook.com\/fsvpfordt\/","article_published_time":"2026-03-16T06:45:18+00:00","article_modified_time":"2026-03-16T06:45:21+00:00","og_image":[{"width":2166,"height":1444,"url":"https:\/\/www.fsvpfordt.de\/wp-content\/uploads\/Saison_2025_26\/2026_03_08_Zweite-Ufhausen\/2026_03_08_0003.jpeg","type":"image\/jpeg"}],"author":"Christian Horn","twitter_card":"summary_large_image","twitter_misc":{"Verfasst von":"Christian Horn","Gesch\u00e4tzte Lesezeit":"2\u00a0Minuten"},"schema":{"@context":"https:\/\/schema.org","@graph":[{"@type":"Article","@id":"https:\/\/www.fsvpfordt.de\/?p=5229#article","isPartOf":{"@id":"https:\/\/www.fsvpfordt.de\/?p=5229"},"author":{"name":"Christian Horn","@id":"https:\/\/www.fsvpfordt.de\/#\/schema\/person\/7562e3ad0dd81d10004720c627ad3ba3"},"headline":"FSV Zweite &#8211; TSV Ufhausen 2 3:3 (2:0)","datePublished":"2026-03-16T06:45:18+00:00","dateModified":"2026-03-16T06:45:21+00:00","mainEntityOfPage":{"@id":"https:\/\/www.fsvpfordt.de\/?p=5229"},"wordCount":216,"commentCount":0,"publisher":{"@id":"https:\/\/www.fsvpfordt.de\/#organization"},"image":{"@id":"https:\/\/www.fsvpfordt.de\/?p=5229#primaryimage"},"thumbnailUrl":"https:\/\/www.fsvpfordt.de\/wp-content\/uploads\/Saison_2025_26\/2026_03_08_Zweite-Ufhausen\/2026_03_08_0003.jpeg","articleSection":["2. Mannschaft","Fu\u00dfball"],"inLanguage":"de","potentialAction":[{"@type":"CommentAction","name":"Comment","target":["https:\/\/www.fsvpfordt.de\/?p=5229#respond"]}]},{"@type":"WebPage","@id":"https:\/\/www.fsvpfordt.de\/?p=5229","url":"https:\/\/www.fsvpfordt.de\/?p=5229","name":"FSV Zweite - TSV Ufhausen 2 3:3 (2:0) - FSV Pfordt 1971.e .V.","isPartOf":{"@id":"https:\/\/www.fsvpfordt.de\/#website"},"primaryImageOfPage":{"@id":"https:\/\/www.fsvpfordt.de\/?p=5229#primaryimage"},"image":{"@id":"https:\/\/www.fsvpfordt.de\/?p=5229#primaryimage"},"thumbnailUrl":"https:\/\/www.fsvpfordt.de\/wp-content\/uploads\/Saison_2025_26\/2026_03_08_Zweite-Ufhausen\/2026_03_08_0003.jpeg","datePublished":"2026-03-16T06:45:18+00:00","dateModified":"2026-03-16T06:45:21+00:00","description":"Lange Zeit sah es so aus, als w\u00fcrde die Zweite des FSV gegen den TSV Ufhausen 2 als Sieger vom Platz gehen. Am Ende trennte man sich 3:3.","breadcrumb":{"@id":"https:\/\/www.fsvpfordt.de\/?p=5229#breadcrumb"},"inLanguage":"de","potentialAction":[{"@type":"ReadAction","target":["https:\/\/www.fsvpfordt.de\/?p=5229"]}]},{"@type":"ImageObject","inLanguage":"de","@id":"https:\/\/www.fsvpfordt.de\/?p=5229#primaryimage","url":"https:\/\/www.fsvpfordt.de\/wp-content\/uploads\/Saison_2025_26\/2026_03_08_Zweite-Ufhausen\/2026_03_08_0003.jpeg","contentUrl":"https:\/\/www.fsvpfordt.de\/wp-content\/uploads\/Saison_2025_26\/2026_03_08_Zweite-Ufhausen\/2026_03_08_0003.jpeg","width":2166,"height":1444},{"@type":"BreadcrumbList","@id":"https:\/\/www.fsvpfordt.de\/?p=5229#breadcrumb","itemListElement":[{"@type":"ListItem","position":1,"name":"Startseite","item":"https:\/\/www.fsvpfordt.de\/"},{"@type":"ListItem","position":2,"name":"FSV Zweite &#8211; TSV Ufhausen 2 3:3 (2:0)"}]},{"@type":"WebSite","@id":"https:\/\/www.fsvpfordt.de\/#website","url":"https:\/\/www.fsvpfordt.de\/","name":"FSV Pfordt 1971.e .V.","description":"Fu\u00dfball und mehr im Schlitzerland","publisher":{"@id":"https:\/\/www.fsvpfordt.de\/#organization"},"potentialAction":[{"@type":"SearchAction","target":{"@type":"EntryPoint","urlTemplate":"https:\/\/www.fsvpfordt.de\/?s={search_term_string}"},"query-input":{"@type":"PropertyValueSpecification","valueRequired":true,"valueName":"search_term_string"}}],"inLanguage":"de"},{"@type":"Organization","@id":"https:\/\/www.fsvpfordt.de\/#organization","name":"FSV Pfordt 1971 e.V.","url":"https:\/\/www.fsvpfordt.de\/","logo":{"@type":"ImageObject","inLanguage":"de","@id":"https:\/\/www.fsvpfordt.de\/#\/schema\/logo\/image\/","url":"https:\/\/www.fsvpfordt.de\/wp-content\/uploads\/2020\/06\/logo_512.jpg","contentUrl":"https:\/\/www.fsvpfordt.de\/wp-content\/uploads\/2020\/06\/logo_512.jpg","width":512,"height":512,"caption":"FSV Pfordt 1971 e.V."},"image":{"@id":"https:\/\/www.fsvpfordt.de\/#\/schema\/logo\/image\/"},"sameAs":["https:\/\/www.facebook.com\/fsvpfordt\/","https:\/\/www.instagram.com\/fsvpfordt\/"]},{"@type":"Person","@id":"https:\/\/www.fsvpfordt.de\/#\/schema\/person\/7562e3ad0dd81d10004720c627ad3ba3","name":"Christian Horn","image":{"@type":"ImageObject","inLanguage":"de","@id":"https:\/\/secure.gravatar.com\/avatar\/8aba543da8e2451a0f7c04ee69f41ca366d0c156c47cd200fd7a0cb5e987af6b?s=96&d=mm&r=g","url":"https:\/\/secure.gravatar.com\/avatar\/8aba543da8e2451a0f7c04ee69f41ca366d0c156c47cd200fd7a0cb5e987af6b?s=96&d=mm&r=g","contentUrl":"https:\/\/secure.gravatar.com\/avatar\/8aba543da8e2451a0f7c04ee69f41ca366d0c156c47cd200fd7a0cb5e987af6b?s=96&d=mm&r=g","caption":"Christian Horn"},"url":"https:\/\/www.fsvpfordt.de\/?author=6"}]}},"jetpack_featured_media_url":"https:\/\/www.fsvpfordt.de\/wp-content\/uploads\/Saison_2025_26\/2026_03_08_Zweite-Ufhausen\/2026_03_08_0003.jpeg","jetpack-related-posts":[],"jetpack_sharing_enabled":true,"_links":{"self":[{"href":"https:\/\/www.fsvpfordt.de\/index.php?rest_route=\/wp\/v2\/posts\/5229","targetHints":{"allow":["GET"]}}],"collection":[{"href":"https:\/\/www.fsvpfordt.de\/index.php?rest_route=\/wp\/v2\/posts"}],"about":[{"href":"https:\/\/www.fsvpfordt.de\/index.php?rest_route=\/wp\/v2\/types\/post"}],"author":[{"embeddable":true,"href":"https:\/\/www.fsvpfordt.de\/index.php?rest_route=\/wp\/v2\/users\/6"}],"replies":[{"embeddable":true,"href":"https:\/\/www.fsvpfordt.de\/index.php?rest_route=%2Fwp%2Fv2%2Fcomments&post=5229"}],"version-history":[{"count":1,"href":"https:\/\/www.fsvpfordt.de\/index.php?rest_route=\/wp\/v2\/posts\/5229\/revisions"}],"predecessor-version":[{"id":5230,"href":"https:\/\/www.fsvpfordt.de\/index.php?rest_route=\/wp\/v2\/posts\/5229\/revisions\/5230"}],"wp:featuredmedia":[{"embeddable":true,"href":"https:\/\/www.fsvpfordt.de\/index.php?rest_route=\/wp\/v2\/media\/5227"}],"wp:attachment":[{"href":"https:\/\/www.fsvpfordt.de\/index.php?rest_route=%2Fwp%2Fv2%2Fmedia&parent=5229"}],"wp:term":[{"taxonomy":"category","embeddable":true,"href":"https:\/\/www.fsvpfordt.de\/index.php?rest_route=%2Fwp%2Fv2%2Fcategories&post=5229"},{"taxonomy":"post_tag","embeddable":true,"href":"https:\/\/www.fsvpfordt.de\/index.php?rest_route=%2Fwp%2Fv2%2Ftags&post=5229"}],"curies":[{"name":"wp","href":"https:\/\/api.w.org\/{rel}","templated":true}]}}