{"id":5332,"date":"2026-04-26T13:09:30","date_gmt":"2026-04-26T11:09:30","guid":{"rendered":"https:\/\/www.fsvpfordt.de\/?p=5332"},"modified":"2026-04-26T13:09:33","modified_gmt":"2026-04-26T11:09:33","slug":"fsv-e-jfv-huenfelder-land-57-12-n-e","status":"publish","type":"post","link":"https:\/\/www.fsvpfordt.de\/?p=5332","title":{"rendered":"FSV E &#8211; JFV H\u00fcnfelder Land 5:7 (1:2) n.E."},"content":{"rendered":"\n<p>Am vergangenen Mittwochabend fand in Pfordt das Viertelfinale des E-Jugend Kreispokals statt. Gegner der FSV-Junioren war der JFV H\u00fcnfelder Land, der als klassenh\u00f6herer Verein als Favorit ins Spiel ging.<\/p>\n\n\n\n<p>Hiervon war an diesem Abend jedoch nichts zu sehen, da die Pfordter Mannschaft von Anfang an topmotiviert und mutig zu Werke ging. So gelang ihr nach drei Minuten das 1:0 durch Kapit\u00e4n Henry Kruppert. <\/p>\n\n\n\n<p>Weitere drei Minuten sp\u00e4ter kamen die G\u00e4ste zum Ausgleich. In der Folge entwickelte sich ein offenes Spiel mit Gro\u00dfchancen auf beiden Seiten. <\/p>\n\n\n\n<p>Mit dem Pausenpfiff erzielte der JFV H\u00fcnfelder Land das 1:2 und erh\u00f6hte zu Beginn der 2. Halbzeit auf 1:3. Der FSV gab sich allerdings nicht geschlagen und schaffte durch Tore von Matias Lednicky und Luca Refinius den verdienten Ausgleich.\u00a0<\/p>\n\n\n\n<p>Der Schwung wurde mit in die zehnmin\u00fctige Verl\u00e4ngerung genommen, in der Refinius sein zweites Tor zur 4:3 F\u00fchrung schoss. Der Gegner raffte sich jedoch noch einmal auf und kam kurz vor Schluss zum 4:4 Unentschieden. <\/p>\n\n\n\n<p>Mit diesem Ergebnis endete die Verl\u00e4ngerung und es folgte das &#8222;9-Meter-Schie\u00dfen&#8220;. Hier war die FSV-Jugend leider ohne Gl\u00fcck und verlor mit 5:7. Ein gro\u00dfer Pokalabend ging zu Ende, an dem beide Mannschaften eine tolle Leistung zeigten und den Zuschauern ein Spektakel boten. <\/p>\n\n\n\n<p>Trotz Niederlage und vielen traurigen Gesichtern, waren alle FSV-Anh\u00e4nger stolz auf ihre Mannschaft und auch der Gegner fand nur lobende Worte f\u00fcr diese gro\u00dfartige Leistung.\u00a0 Am Samstag startet die R\u00fcckrunde in der Kreisklasse-A. Sollte die Mannschaft sich in \u00e4hnlicher Verfassung pr\u00e4sentieren, wird sicherlich noch der ein oder andere Sieg m\u00f6glich sein.<\/p>\n\n\n\n<p>F\u00fcr den FSV-Pfordt waren am Ball: Simon Schmier, Arik Altstadt, Jaro Schellhaas, Marlon Minks, Elias Rausch, Henry Kruppert, Matias Lednicky, Jana-Marie L\u00fcnzer, Luca Refinius und Elias Prinz<\/p>\n\n\n\n<p><a href=\"https:\/\/next.fussball.de\/spiel\/-\/030DQLURB4000000VS5489BUVTD8EF64\" target=\"_blank\" rel=\"noreferrer noopener\">Alle Details zum Spiel<\/a><\/p>\n\n\n\n<figure class=\"wp-block-gallery has-nested-images columns-default wp-block-gallery-1 is-layout-flex wp-block-gallery-is-layout-flex\">\n<figure class=\"wp-block-image size-large\"><img loading=\"lazy\" decoding=\"async\" width=\"1024\" height=\"727\" data-id=\"5331\" src=\"https:\/\/www.fsvpfordt.de\/wp-content\/uploads\/Saison_2025_26\/2026_04_22_E-Huenfeld\/2026_04_22_0003-1024x727.jpg\" alt=\"\" class=\"wp-image-5331\" srcset=\"https:\/\/www.fsvpfordt.de\/wp-content\/uploads\/Saison_2025_26\/2026_04_22_E-Huenfeld\/2026_04_22_0003-1024x727.jpg 1024w, https:\/\/www.fsvpfordt.de\/wp-content\/uploads\/Saison_2025_26\/2026_04_22_E-Huenfeld\/2026_04_22_0003-300x213.jpg 300w, https:\/\/www.fsvpfordt.de\/wp-content\/uploads\/Saison_2025_26\/2026_04_22_E-Huenfeld\/2026_04_22_0003-768x545.jpg 768w, https:\/\/www.fsvpfordt.de\/wp-content\/uploads\/Saison_2025_26\/2026_04_22_E-Huenfeld\/2026_04_22_0003-1536x1091.jpg 1536w, https:\/\/www.fsvpfordt.de\/wp-content\/uploads\/Saison_2025_26\/2026_04_22_E-Huenfeld\/2026_04_22_0003.jpg 1556w\" sizes=\"auto, (max-width: 1024px) 100vw, 1024px\" \/><\/figure>\n\n\n\n<figure class=\"wp-block-image size-large\"><img loading=\"lazy\" decoding=\"async\" width=\"1024\" height=\"912\" data-id=\"5330\" src=\"https:\/\/www.fsvpfordt.de\/wp-content\/uploads\/Saison_2025_26\/2026_04_22_E-Huenfeld\/2026_04_22_0002-1024x912.jpg\" alt=\"\" class=\"wp-image-5330\" srcset=\"https:\/\/www.fsvpfordt.de\/wp-content\/uploads\/Saison_2025_26\/2026_04_22_E-Huenfeld\/2026_04_22_0002-1024x912.jpg 1024w, https:\/\/www.fsvpfordt.de\/wp-content\/uploads\/Saison_2025_26\/2026_04_22_E-Huenfeld\/2026_04_22_0002-300x267.jpg 300w, https:\/\/www.fsvpfordt.de\/wp-content\/uploads\/Saison_2025_26\/2026_04_22_E-Huenfeld\/2026_04_22_0002-768x684.jpg 768w, https:\/\/www.fsvpfordt.de\/wp-content\/uploads\/Saison_2025_26\/2026_04_22_E-Huenfeld\/2026_04_22_0002.jpg 1517w\" sizes=\"auto, (max-width: 1024px) 100vw, 1024px\" \/><\/figure>\n\n\n\n<figure class=\"wp-block-image size-large\"><img loading=\"lazy\" decoding=\"async\" width=\"954\" height=\"1024\" data-id=\"5329\" src=\"https:\/\/www.fsvpfordt.de\/wp-content\/uploads\/Saison_2025_26\/2026_04_22_E-Huenfeld\/2026_04_22_0001-954x1024.jpg\" alt=\"\" class=\"wp-image-5329\" srcset=\"https:\/\/www.fsvpfordt.de\/wp-content\/uploads\/Saison_2025_26\/2026_04_22_E-Huenfeld\/2026_04_22_0001-954x1024.jpg 954w, https:\/\/www.fsvpfordt.de\/wp-content\/uploads\/Saison_2025_26\/2026_04_22_E-Huenfeld\/2026_04_22_0001-279x300.jpg 279w, https:\/\/www.fsvpfordt.de\/wp-content\/uploads\/Saison_2025_26\/2026_04_22_E-Huenfeld\/2026_04_22_0001-768x825.jpg 768w, https:\/\/www.fsvpfordt.de\/wp-content\/uploads\/Saison_2025_26\/2026_04_22_E-Huenfeld\/2026_04_22_0001.jpg 1168w\" sizes=\"auto, (max-width: 954px) 100vw, 954px\" \/><\/figure>\n<\/figure>\n","protected":false},"excerpt":{"rendered":"<div class=\"mh-excerpt\"><p>Am vergangenen Mittwochabend fand in Pfordt das Viertelfinale des E-Jugend Kreispokals statt. Gegner der FSV-Junioren war der JFV H\u00fcnfelder Land, der als klassenh\u00f6herer Verein als <a class=\"mh-excerpt-more\" href=\"https:\/\/www.fsvpfordt.de\/?p=5332\" title=\"FSV E &#8211; JFV H\u00fcnfelder Land 5:7 (1:2) n.E.\"><span>Weiterlesen<\/span><\/a><\/p>\n<\/div>","protected":false},"author":4,"featured_media":5331,"comment_status":"open","ping_status":"open","sticky":false,"template":"","format":"standard","meta":{"jetpack_post_was_ever_published":false,"_jetpack_newsletter_access":"","_jetpack_dont_email_post_to_subs":false,"_jetpack_newsletter_tier_id":0,"_jetpack_memberships_contains_paywalled_content":false,"_jetpack_memberships_contains_paid_content":false,"footnotes":""},"categories":[27,24],"tags":[],"class_list":["post-5332","post","type-post","status-publish","format-standard","has-post-thumbnail","hentry","category-e-junioren","category-jugendfussball"],"yoast_head":"<!-- This site is optimized with the Yoast SEO plugin v27.4 - https:\/\/yoast.com\/product\/yoast-seo-wordpress\/ -->\n<title>FSV E - JFV H\u00fcnfelder Land 5:7 (1:2) n.E. - FSV Pfordt 1971.e .V.<\/title>\n<meta name=\"description\" content=\"Das Pokalspiel der E-Juniren des FSV gegen den JFV H\u00fcnfelder Land war ein Spektakel, in dem der FSV leider mit 5:7 nach 9-Meter-Schie\u00dfen den K\u00fcrzeren zog.\" \/>\n<meta name=\"robots\" content=\"index, follow, max-snippet:-1, max-image-preview:large, max-video-preview:-1\" \/>\n<link rel=\"canonical\" href=\"https:\/\/www.fsvpfordt.de\/?p=5332\" \/>\n<meta property=\"og:locale\" content=\"de_DE\" \/>\n<meta property=\"og:type\" content=\"article\" \/>\n<meta property=\"og:title\" content=\"FSV E - JFV H\u00fcnfelder Land 5:7 (1:2) n.E. - FSV Pfordt 1971.e .V.\" \/>\n<meta property=\"og:description\" content=\"Das Pokalspiel der E-Juniren des FSV gegen den JFV H\u00fcnfelder Land war ein Spektakel, in dem der FSV leider mit 5:7 nach 9-Meter-Schie\u00dfen den K\u00fcrzeren zog.\" \/>\n<meta property=\"og:url\" content=\"https:\/\/www.fsvpfordt.de\/?p=5332\" \/>\n<meta property=\"og:site_name\" content=\"FSV Pfordt 1971.e .V.\" \/>\n<meta property=\"article:publisher\" content=\"https:\/\/www.facebook.com\/fsvpfordt\/\" \/>\n<meta property=\"article:published_time\" content=\"2026-04-26T11:09:30+00:00\" \/>\n<meta property=\"article:modified_time\" content=\"2026-04-26T11:09:33+00:00\" \/>\n<meta property=\"og:image\" content=\"https:\/\/www.fsvpfordt.de\/wp-content\/uploads\/Saison_2025_26\/2026_04_22_E-Huenfeld\/2026_04_22_0003.jpg\" \/>\n\t<meta property=\"og:image:width\" content=\"1556\" \/>\n\t<meta property=\"og:image:height\" content=\"1105\" \/>\n\t<meta property=\"og:image:type\" content=\"image\/jpeg\" \/>\n<meta name=\"author\" content=\"Franziska Susemichel\" \/>\n<meta name=\"twitter:card\" content=\"summary_large_image\" \/>\n<meta name=\"twitter:label1\" content=\"Verfasst von\" \/>\n\t<meta name=\"twitter:data1\" content=\"Franziska Susemichel\" \/>\n\t<meta name=\"twitter:label2\" content=\"Gesch\u00e4tzte Lesezeit\" \/>\n\t<meta name=\"twitter:data2\" content=\"3\u00a0Minuten\" \/>\n<script type=\"application\/ld+json\" class=\"yoast-schema-graph\">{\"@context\":\"https:\\\/\\\/schema.org\",\"@graph\":[{\"@type\":\"Article\",\"@id\":\"https:\\\/\\\/www.fsvpfordt.de\\\/?p=5332#article\",\"isPartOf\":{\"@id\":\"https:\\\/\\\/www.fsvpfordt.de\\\/?p=5332\"},\"author\":{\"name\":\"Franziska Susemichel\",\"@id\":\"https:\\\/\\\/www.fsvpfordt.de\\\/#\\\/schema\\\/person\\\/eec1814b5249cdc7fdd1eebc055e23fa\"},\"headline\":\"FSV E &#8211; JFV H\u00fcnfelder Land 5:7 (1:2) n.E.\",\"datePublished\":\"2026-04-26T11:09:30+00:00\",\"dateModified\":\"2026-04-26T11:09:33+00:00\",\"mainEntityOfPage\":{\"@id\":\"https:\\\/\\\/www.fsvpfordt.de\\\/?p=5332\"},\"wordCount\":308,\"commentCount\":0,\"publisher\":{\"@id\":\"https:\\\/\\\/www.fsvpfordt.de\\\/#organization\"},\"image\":{\"@id\":\"https:\\\/\\\/www.fsvpfordt.de\\\/?p=5332#primaryimage\"},\"thumbnailUrl\":\"https:\\\/\\\/www.fsvpfordt.de\\\/wp-content\\\/uploads\\\/Saison_2025_26\\\/2026_04_22_E-Huenfeld\\\/2026_04_22_0003.jpg\",\"articleSection\":[\"E-Junioren\",\"Jugendfu\u00dfball\"],\"inLanguage\":\"de\",\"potentialAction\":[{\"@type\":\"CommentAction\",\"name\":\"Comment\",\"target\":[\"https:\\\/\\\/www.fsvpfordt.de\\\/?p=5332#respond\"]}]},{\"@type\":\"WebPage\",\"@id\":\"https:\\\/\\\/www.fsvpfordt.de\\\/?p=5332\",\"url\":\"https:\\\/\\\/www.fsvpfordt.de\\\/?p=5332\",\"name\":\"FSV E - JFV H\u00fcnfelder Land 5:7 (1:2) n.E. - FSV Pfordt 1971.e .V.\",\"isPartOf\":{\"@id\":\"https:\\\/\\\/www.fsvpfordt.de\\\/#website\"},\"primaryImageOfPage\":{\"@id\":\"https:\\\/\\\/www.fsvpfordt.de\\\/?p=5332#primaryimage\"},\"image\":{\"@id\":\"https:\\\/\\\/www.fsvpfordt.de\\\/?p=5332#primaryimage\"},\"thumbnailUrl\":\"https:\\\/\\\/www.fsvpfordt.de\\\/wp-content\\\/uploads\\\/Saison_2025_26\\\/2026_04_22_E-Huenfeld\\\/2026_04_22_0003.jpg\",\"datePublished\":\"2026-04-26T11:09:30+00:00\",\"dateModified\":\"2026-04-26T11:09:33+00:00\",\"description\":\"Das Pokalspiel der E-Juniren des FSV gegen den JFV H\u00fcnfelder Land war ein Spektakel, in dem der FSV leider mit 5:7 nach 9-Meter-Schie\u00dfen den K\u00fcrzeren zog.\",\"breadcrumb\":{\"@id\":\"https:\\\/\\\/www.fsvpfordt.de\\\/?p=5332#breadcrumb\"},\"inLanguage\":\"de\",\"potentialAction\":[{\"@type\":\"ReadAction\",\"target\":[\"https:\\\/\\\/www.fsvpfordt.de\\\/?p=5332\"]}]},{\"@type\":\"ImageObject\",\"inLanguage\":\"de\",\"@id\":\"https:\\\/\\\/www.fsvpfordt.de\\\/?p=5332#primaryimage\",\"url\":\"https:\\\/\\\/www.fsvpfordt.de\\\/wp-content\\\/uploads\\\/Saison_2025_26\\\/2026_04_22_E-Huenfeld\\\/2026_04_22_0003.jpg\",\"contentUrl\":\"https:\\\/\\\/www.fsvpfordt.de\\\/wp-content\\\/uploads\\\/Saison_2025_26\\\/2026_04_22_E-Huenfeld\\\/2026_04_22_0003.jpg\",\"width\":1556,\"height\":1105},{\"@type\":\"BreadcrumbList\",\"@id\":\"https:\\\/\\\/www.fsvpfordt.de\\\/?p=5332#breadcrumb\",\"itemListElement\":[{\"@type\":\"ListItem\",\"position\":1,\"name\":\"Startseite\",\"item\":\"https:\\\/\\\/www.fsvpfordt.de\\\/\"},{\"@type\":\"ListItem\",\"position\":2,\"name\":\"FSV E &#8211; JFV H\u00fcnfelder Land 5:7 (1:2) n.E.\"}]},{\"@type\":\"WebSite\",\"@id\":\"https:\\\/\\\/www.fsvpfordt.de\\\/#website\",\"url\":\"https:\\\/\\\/www.fsvpfordt.de\\\/\",\"name\":\"FSV Pfordt 1971.e .V.\",\"description\":\"Fu\u00dfball und mehr im Schlitzerland\",\"publisher\":{\"@id\":\"https:\\\/\\\/www.fsvpfordt.de\\\/#organization\"},\"potentialAction\":[{\"@type\":\"SearchAction\",\"target\":{\"@type\":\"EntryPoint\",\"urlTemplate\":\"https:\\\/\\\/www.fsvpfordt.de\\\/?s={search_term_string}\"},\"query-input\":{\"@type\":\"PropertyValueSpecification\",\"valueRequired\":true,\"valueName\":\"search_term_string\"}}],\"inLanguage\":\"de\"},{\"@type\":\"Organization\",\"@id\":\"https:\\\/\\\/www.fsvpfordt.de\\\/#organization\",\"name\":\"FSV Pfordt 1971 e.V.\",\"url\":\"https:\\\/\\\/www.fsvpfordt.de\\\/\",\"logo\":{\"@type\":\"ImageObject\",\"inLanguage\":\"de\",\"@id\":\"https:\\\/\\\/www.fsvpfordt.de\\\/#\\\/schema\\\/logo\\\/image\\\/\",\"url\":\"https:\\\/\\\/www.fsvpfordt.de\\\/wp-content\\\/uploads\\\/2020\\\/06\\\/logo_512.jpg\",\"contentUrl\":\"https:\\\/\\\/www.fsvpfordt.de\\\/wp-content\\\/uploads\\\/2020\\\/06\\\/logo_512.jpg\",\"width\":512,\"height\":512,\"caption\":\"FSV Pfordt 1971 e.V.\"},\"image\":{\"@id\":\"https:\\\/\\\/www.fsvpfordt.de\\\/#\\\/schema\\\/logo\\\/image\\\/\"},\"sameAs\":[\"https:\\\/\\\/www.facebook.com\\\/fsvpfordt\\\/\",\"https:\\\/\\\/www.instagram.com\\\/fsvpfordt\\\/\"]},{\"@type\":\"Person\",\"@id\":\"https:\\\/\\\/www.fsvpfordt.de\\\/#\\\/schema\\\/person\\\/eec1814b5249cdc7fdd1eebc055e23fa\",\"name\":\"Franziska Susemichel\",\"image\":{\"@type\":\"ImageObject\",\"inLanguage\":\"de\",\"@id\":\"https:\\\/\\\/secure.gravatar.com\\\/avatar\\\/617f8ec409b4f345231db9d967a820a152bd820f4066c5a8e54950d87133db38?s=96&d=mm&r=g\",\"url\":\"https:\\\/\\\/secure.gravatar.com\\\/avatar\\\/617f8ec409b4f345231db9d967a820a152bd820f4066c5a8e54950d87133db38?s=96&d=mm&r=g\",\"contentUrl\":\"https:\\\/\\\/secure.gravatar.com\\\/avatar\\\/617f8ec409b4f345231db9d967a820a152bd820f4066c5a8e54950d87133db38?s=96&d=mm&r=g\",\"caption\":\"Franziska Susemichel\"},\"url\":\"https:\\\/\\\/www.fsvpfordt.de\\\/?author=4\"}]}<\/script>\n<!-- \/ Yoast SEO plugin. -->","yoast_head_json":{"title":"FSV E - JFV H\u00fcnfelder Land 5:7 (1:2) n.E. - FSV Pfordt 1971.e .V.","description":"Das Pokalspiel der E-Juniren des FSV gegen den JFV H\u00fcnfelder Land war ein Spektakel, in dem der FSV leider mit 5:7 nach 9-Meter-Schie\u00dfen den K\u00fcrzeren zog.","robots":{"index":"index","follow":"follow","max-snippet":"max-snippet:-1","max-image-preview":"max-image-preview:large","max-video-preview":"max-video-preview:-1"},"canonical":"https:\/\/www.fsvpfordt.de\/?p=5332","og_locale":"de_DE","og_type":"article","og_title":"FSV E - JFV H\u00fcnfelder Land 5:7 (1:2) n.E. - FSV Pfordt 1971.e .V.","og_description":"Das Pokalspiel der E-Juniren des FSV gegen den JFV H\u00fcnfelder Land war ein Spektakel, in dem der FSV leider mit 5:7 nach 9-Meter-Schie\u00dfen den K\u00fcrzeren zog.","og_url":"https:\/\/www.fsvpfordt.de\/?p=5332","og_site_name":"FSV Pfordt 1971.e .V.","article_publisher":"https:\/\/www.facebook.com\/fsvpfordt\/","article_published_time":"2026-04-26T11:09:30+00:00","article_modified_time":"2026-04-26T11:09:33+00:00","og_image":[{"width":1556,"height":1105,"url":"https:\/\/www.fsvpfordt.de\/wp-content\/uploads\/Saison_2025_26\/2026_04_22_E-Huenfeld\/2026_04_22_0003.jpg","type":"image\/jpeg"}],"author":"Franziska Susemichel","twitter_card":"summary_large_image","twitter_misc":{"Verfasst von":"Franziska Susemichel","Gesch\u00e4tzte Lesezeit":"3\u00a0Minuten"},"schema":{"@context":"https:\/\/schema.org","@graph":[{"@type":"Article","@id":"https:\/\/www.fsvpfordt.de\/?p=5332#article","isPartOf":{"@id":"https:\/\/www.fsvpfordt.de\/?p=5332"},"author":{"name":"Franziska Susemichel","@id":"https:\/\/www.fsvpfordt.de\/#\/schema\/person\/eec1814b5249cdc7fdd1eebc055e23fa"},"headline":"FSV E &#8211; JFV H\u00fcnfelder Land 5:7 (1:2) n.E.","datePublished":"2026-04-26T11:09:30+00:00","dateModified":"2026-04-26T11:09:33+00:00","mainEntityOfPage":{"@id":"https:\/\/www.fsvpfordt.de\/?p=5332"},"wordCount":308,"commentCount":0,"publisher":{"@id":"https:\/\/www.fsvpfordt.de\/#organization"},"image":{"@id":"https:\/\/www.fsvpfordt.de\/?p=5332#primaryimage"},"thumbnailUrl":"https:\/\/www.fsvpfordt.de\/wp-content\/uploads\/Saison_2025_26\/2026_04_22_E-Huenfeld\/2026_04_22_0003.jpg","articleSection":["E-Junioren","Jugendfu\u00dfball"],"inLanguage":"de","potentialAction":[{"@type":"CommentAction","name":"Comment","target":["https:\/\/www.fsvpfordt.de\/?p=5332#respond"]}]},{"@type":"WebPage","@id":"https:\/\/www.fsvpfordt.de\/?p=5332","url":"https:\/\/www.fsvpfordt.de\/?p=5332","name":"FSV E - JFV H\u00fcnfelder Land 5:7 (1:2) n.E. - FSV Pfordt 1971.e .V.","isPartOf":{"@id":"https:\/\/www.fsvpfordt.de\/#website"},"primaryImageOfPage":{"@id":"https:\/\/www.fsvpfordt.de\/?p=5332#primaryimage"},"image":{"@id":"https:\/\/www.fsvpfordt.de\/?p=5332#primaryimage"},"thumbnailUrl":"https:\/\/www.fsvpfordt.de\/wp-content\/uploads\/Saison_2025_26\/2026_04_22_E-Huenfeld\/2026_04_22_0003.jpg","datePublished":"2026-04-26T11:09:30+00:00","dateModified":"2026-04-26T11:09:33+00:00","description":"Das Pokalspiel der E-Juniren des FSV gegen den JFV H\u00fcnfelder Land war ein Spektakel, in dem der FSV leider mit 5:7 nach 9-Meter-Schie\u00dfen den K\u00fcrzeren zog.","breadcrumb":{"@id":"https:\/\/www.fsvpfordt.de\/?p=5332#breadcrumb"},"inLanguage":"de","potentialAction":[{"@type":"ReadAction","target":["https:\/\/www.fsvpfordt.de\/?p=5332"]}]},{"@type":"ImageObject","inLanguage":"de","@id":"https:\/\/www.fsvpfordt.de\/?p=5332#primaryimage","url":"https:\/\/www.fsvpfordt.de\/wp-content\/uploads\/Saison_2025_26\/2026_04_22_E-Huenfeld\/2026_04_22_0003.jpg","contentUrl":"https:\/\/www.fsvpfordt.de\/wp-content\/uploads\/Saison_2025_26\/2026_04_22_E-Huenfeld\/2026_04_22_0003.jpg","width":1556,"height":1105},{"@type":"BreadcrumbList","@id":"https:\/\/www.fsvpfordt.de\/?p=5332#breadcrumb","itemListElement":[{"@type":"ListItem","position":1,"name":"Startseite","item":"https:\/\/www.fsvpfordt.de\/"},{"@type":"ListItem","position":2,"name":"FSV E &#8211; JFV H\u00fcnfelder Land 5:7 (1:2) n.E."}]},{"@type":"WebSite","@id":"https:\/\/www.fsvpfordt.de\/#website","url":"https:\/\/www.fsvpfordt.de\/","name":"FSV Pfordt 1971.e .V.","description":"Fu\u00dfball und mehr im Schlitzerland","publisher":{"@id":"https:\/\/www.fsvpfordt.de\/#organization"},"potentialAction":[{"@type":"SearchAction","target":{"@type":"EntryPoint","urlTemplate":"https:\/\/www.fsvpfordt.de\/?s={search_term_string}"},"query-input":{"@type":"PropertyValueSpecification","valueRequired":true,"valueName":"search_term_string"}}],"inLanguage":"de"},{"@type":"Organization","@id":"https:\/\/www.fsvpfordt.de\/#organization","name":"FSV Pfordt 1971 e.V.","url":"https:\/\/www.fsvpfordt.de\/","logo":{"@type":"ImageObject","inLanguage":"de","@id":"https:\/\/www.fsvpfordt.de\/#\/schema\/logo\/image\/","url":"https:\/\/www.fsvpfordt.de\/wp-content\/uploads\/2020\/06\/logo_512.jpg","contentUrl":"https:\/\/www.fsvpfordt.de\/wp-content\/uploads\/2020\/06\/logo_512.jpg","width":512,"height":512,"caption":"FSV Pfordt 1971 e.V."},"image":{"@id":"https:\/\/www.fsvpfordt.de\/#\/schema\/logo\/image\/"},"sameAs":["https:\/\/www.facebook.com\/fsvpfordt\/","https:\/\/www.instagram.com\/fsvpfordt\/"]},{"@type":"Person","@id":"https:\/\/www.fsvpfordt.de\/#\/schema\/person\/eec1814b5249cdc7fdd1eebc055e23fa","name":"Franziska Susemichel","image":{"@type":"ImageObject","inLanguage":"de","@id":"https:\/\/secure.gravatar.com\/avatar\/617f8ec409b4f345231db9d967a820a152bd820f4066c5a8e54950d87133db38?s=96&d=mm&r=g","url":"https:\/\/secure.gravatar.com\/avatar\/617f8ec409b4f345231db9d967a820a152bd820f4066c5a8e54950d87133db38?s=96&d=mm&r=g","contentUrl":"https:\/\/secure.gravatar.com\/avatar\/617f8ec409b4f345231db9d967a820a152bd820f4066c5a8e54950d87133db38?s=96&d=mm&r=g","caption":"Franziska Susemichel"},"url":"https:\/\/www.fsvpfordt.de\/?author=4"}]}},"jetpack_featured_media_url":"https:\/\/www.fsvpfordt.de\/wp-content\/uploads\/Saison_2025_26\/2026_04_22_E-Huenfeld\/2026_04_22_0003.jpg","jetpack-related-posts":[],"jetpack_sharing_enabled":true,"_links":{"self":[{"href":"https:\/\/www.fsvpfordt.de\/index.php?rest_route=\/wp\/v2\/posts\/5332","targetHints":{"allow":["GET"]}}],"collection":[{"href":"https:\/\/www.fsvpfordt.de\/index.php?rest_route=\/wp\/v2\/posts"}],"about":[{"href":"https:\/\/www.fsvpfordt.de\/index.php?rest_route=\/wp\/v2\/types\/post"}],"author":[{"embeddable":true,"href":"https:\/\/www.fsvpfordt.de\/index.php?rest_route=\/wp\/v2\/users\/4"}],"replies":[{"embeddable":true,"href":"https:\/\/www.fsvpfordt.de\/index.php?rest_route=%2Fwp%2Fv2%2Fcomments&post=5332"}],"version-history":[{"count":1,"href":"https:\/\/www.fsvpfordt.de\/index.php?rest_route=\/wp\/v2\/posts\/5332\/revisions"}],"predecessor-version":[{"id":5333,"href":"https:\/\/www.fsvpfordt.de\/index.php?rest_route=\/wp\/v2\/posts\/5332\/revisions\/5333"}],"wp:featuredmedia":[{"embeddable":true,"href":"https:\/\/www.fsvpfordt.de\/index.php?rest_route=\/wp\/v2\/media\/5331"}],"wp:attachment":[{"href":"https:\/\/www.fsvpfordt.de\/index.php?rest_route=%2Fwp%2Fv2%2Fmedia&parent=5332"}],"wp:term":[{"taxonomy":"category","embeddable":true,"href":"https:\/\/www.fsvpfordt.de\/index.php?rest_route=%2Fwp%2Fv2%2Fcategories&post=5332"},{"taxonomy":"post_tag","embeddable":true,"href":"https:\/\/www.fsvpfordt.de\/index.php?rest_route=%2Fwp%2Fv2%2Ftags&post=5332"}],"curies":[{"name":"wp","href":"https:\/\/api.w.org\/{rel}","templated":true}]}}